{"id":69487,"date":"2020-02-28T12:08:20","date_gmt":"2020-02-28T15:08:20","guid":{"rendered":"https:\/\/eldiariodesanpedro.com.ar\/sitio\/?p=69487"},"modified":"2020-02-28T12:08:27","modified_gmt":"2020-02-28T15:08:27","slug":"continuan-las-jornadas-intensivas-de-controles-escolares-y-aptos-deportivos-en-las-localidades","status":"publish","type":"post","link":"https:\/\/eldiariodesanpedro.com.ar\/sitio\/continuan-las-jornadas-intensivas-de-controles-escolares-y-aptos-deportivos-en-las-localidades\/","title":{"rendered":"Contin\u00faan las Jornadas Intensivas de controles escolares y aptos deportivos en las localidades."},"content":{"rendered":"<!-- VideographyWP Plugin Message: Automatic video embedding prevented by plugin options. -->\n\n<p> Las jornadas de controles generales para ni\u00f1os coordinadas desde la Secretar\u00eda de Salud llegaron a Santa Luc\u00eda y continuar\u00e1n en los pr\u00f3ximos d\u00edas acompa\u00f1ando a las familias en el inicio del ciclo lectivo y las escuelas deportivas.<\/p>\n\n\n\n<p>El Hospital Municipal de Santa Luc\u00eda comenz\u00f3 hoy, con la colaboraci\u00f3n de todos los profesionales del nosocomio, una serie de jornadas de atenci\u00f3n a ni\u00f1os y ni\u00f1as de la localidad, coordinadas por la Secretar\u00eda de Salud, en el marco de la Campa\u00f1a de Control General para ni\u00f1os y adolescentes que comienzan pr\u00f3ximamente el ciclo lectivo, atendiendo a m\u00e1s de 50 alumnos.<\/p>\n\n\n\n<p>La iniciativa surgi\u00f3 en respuesta al aumento de la demanda de consultas cl\u00ednicas y cardiol\u00f3gicas que surgen como requisitos para el inicio del ciclo lectivo 2020 y de los clubes que comienzan sus temporadas.<\/p>\n\n\n\n<p>Se cumpli\u00f3 con el control de libretas sanitarias, peso, talla, tensi\u00f3n arterial, examen f\u00edsico general y cardiovascular con electrocardiograma informado. <\/p>\n\n\n\n<figure class=\"wp-block-image size-large\"><img decoding=\"async\" width=\"720\" height=\"960\" data-attachment-id=\"69488\" data-permalink=\"https:\/\/eldiariodesanpedro.com.ar\/sitio\/continuan-las-jornadas-intensivas-de-controles-escolares-y-aptos-deportivos-en-las-localidades\/1-159\/\" data-orig-file=\"https:\/\/eldiariodesanpedro.com.ar\/sitio\/wp-content\/uploads\/2020\/02\/1-3.jpg\" data-orig-size=\"720,960\" data-comments-opened=\"1\" data-image-meta=\"{&quot;aperture&quot;:&quot;0&quot;,&quot;credit&quot;:&quot;&quot;,&quot;camera&quot;:&quot;&quot;,&quot;caption&quot;:&quot;&quot;,&quot;created_timestamp&quot;:&quot;0&quot;,&quot;copyright&quot;:&quot;&quot;,&quot;focal_length&quot;:&quot;0&quot;,&quot;iso&quot;:&quot;0&quot;,&quot;shutter_speed&quot;:&quot;0&quot;,&quot;title&quot;:&quot;&quot;,&quot;orientation&quot;:&quot;0&quot;}\" data-image-title=\"1\" data-image-description=\"\" data-image-caption=\"\" data-large-file=\"https:\/\/eldiariodesanpedro.com.ar\/sitio\/wp-content\/uploads\/2020\/02\/1-3.jpg\" data-src=\"https:\/\/eldiariodesanpedro.com.ar\/sitio\/wp-content\/uploads\/2020\/02\/1-3.jpg\" alt=\"\" class=\"wp-image-69488 lazyload\" data-srcset=\"https:\/\/eldiariodesanpedro.com.ar\/sitio\/wp-content\/uploads\/2020\/02\/1-3.jpg 720w, https:\/\/eldiariodesanpedro.com.ar\/sitio\/wp-content\/uploads\/2020\/02\/1-3-225x300.jpg 225w\" data-sizes=\"(max-width: 720px) 100vw, 720px\" src=\"data:image\/svg+xml;base64,PHN2ZyB3aWR0aD0iMSIgaGVpZ2h0PSIxIiB4bWxucz0iaHR0cDovL3d3dy53My5vcmcvMjAwMC9zdmciPjwvc3ZnPg==\" style=\"--smush-placeholder-width: 720px; --smush-placeholder-aspect-ratio: 720\/960;\" \/><\/figure>\n\n\n\n<figure class=\"wp-block-image size-large\"><img decoding=\"async\" width=\"960\" height=\"540\" data-attachment-id=\"69490\" data-permalink=\"https:\/\/eldiariodesanpedro.com.ar\/sitio\/continuan-las-jornadas-intensivas-de-controles-escolares-y-aptos-deportivos-en-las-localidades\/87509227_2607532302903562_3216245925571723264_n\/\" data-orig-file=\"https:\/\/eldiariodesanpedro.com.ar\/sitio\/wp-content\/uploads\/2020\/02\/87509227_2607532302903562_3216245925571723264_n.jpg\" data-orig-size=\"960,540\" data-comments-opened=\"1\" data-image-meta=\"{&quot;aperture&quot;:&quot;0&quot;,&quot;credit&quot;:&quot;&quot;,&quot;camera&quot;:&quot;&quot;,&quot;caption&quot;:&quot;&quot;,&quot;created_timestamp&quot;:&quot;0&quot;,&quot;copyright&quot;:&quot;&quot;,&quot;focal_length&quot;:&quot;0&quot;,&quot;iso&quot;:&quot;0&quot;,&quot;shutter_speed&quot;:&quot;0&quot;,&quot;title&quot;:&quot;&quot;,&quot;orientation&quot;:&quot;0&quot;}\" data-image-title=\"87509227_2607532302903562_3216245925571723264_n\" data-image-description=\"\" data-image-caption=\"\" data-large-file=\"https:\/\/eldiariodesanpedro.com.ar\/sitio\/wp-content\/uploads\/2020\/02\/87509227_2607532302903562_3216245925571723264_n.jpg\" data-src=\"https:\/\/eldiariodesanpedro.com.ar\/sitio\/wp-content\/uploads\/2020\/02\/87509227_2607532302903562_3216245925571723264_n.jpg\" alt=\"\" class=\"wp-image-69490 lazyload\" data-srcset=\"https:\/\/eldiariodesanpedro.com.ar\/sitio\/wp-content\/uploads\/2020\/02\/87509227_2607532302903562_3216245925571723264_n.jpg 960w, https:\/\/eldiariodesanpedro.com.ar\/sitio\/wp-content\/uploads\/2020\/02\/87509227_2607532302903562_3216245925571723264_n-300x169.jpg 300w, https:\/\/eldiariodesanpedro.com.ar\/sitio\/wp-content\/uploads\/2020\/02\/87509227_2607532302903562_3216245925571723264_n-768x432.jpg 768w, https:\/\/eldiariodesanpedro.com.ar\/sitio\/wp-content\/uploads\/2020\/02\/87509227_2607532302903562_3216245925571723264_n-800x450.jpg 800w\" data-sizes=\"(max-width: 960px) 100vw, 960px\" src=\"data:image\/svg+xml;base64,PHN2ZyB3aWR0aD0iMSIgaGVpZ2h0PSIxIiB4bWxucz0iaHR0cDovL3d3dy53My5vcmcvMjAwMC9zdmciPjwvc3ZnPg==\" style=\"--smush-placeholder-width: 960px; --smush-placeholder-aspect-ratio: 960\/540;\" \/><\/figure>\n\n\n\n<figure class=\"wp-block-image size-large\"><img decoding=\"async\" width=\"720\" height=\"960\" data-attachment-id=\"69491\" data-permalink=\"https:\/\/eldiariodesanpedro.com.ar\/sitio\/continuan-las-jornadas-intensivas-de-controles-escolares-y-aptos-deportivos-en-las-localidades\/87554446_2607532019570257_7527596417271988224_n\/\" data-orig-file=\"https:\/\/eldiariodesanpedro.com.ar\/sitio\/wp-content\/uploads\/2020\/02\/87554446_2607532019570257_7527596417271988224_n.jpg\" data-orig-size=\"720,960\" data-comments-opened=\"1\" data-image-meta=\"{&quot;aperture&quot;:&quot;0&quot;,&quot;credit&quot;:&quot;&quot;,&quot;camera&quot;:&quot;&quot;,&quot;caption&quot;:&quot;&quot;,&quot;created_timestamp&quot;:&quot;0&quot;,&quot;copyright&quot;:&quot;&quot;,&quot;focal_length&quot;:&quot;0&quot;,&quot;iso&quot;:&quot;0&quot;,&quot;shutter_speed&quot;:&quot;0&quot;,&quot;title&quot;:&quot;&quot;,&quot;orientation&quot;:&quot;0&quot;}\" data-image-title=\"87554446_2607532019570257_7527596417271988224_n\" data-image-description=\"\" data-image-caption=\"\" data-large-file=\"https:\/\/eldiariodesanpedro.com.ar\/sitio\/wp-content\/uploads\/2020\/02\/87554446_2607532019570257_7527596417271988224_n.jpg\" data-src=\"https:\/\/eldiariodesanpedro.com.ar\/sitio\/wp-content\/uploads\/2020\/02\/87554446_2607532019570257_7527596417271988224_n.jpg\" alt=\"\" class=\"wp-image-69491 lazyload\" data-srcset=\"https:\/\/eldiariodesanpedro.com.ar\/sitio\/wp-content\/uploads\/2020\/02\/87554446_2607532019570257_7527596417271988224_n.jpg 720w, https:\/\/eldiariodesanpedro.com.ar\/sitio\/wp-content\/uploads\/2020\/02\/87554446_2607532019570257_7527596417271988224_n-225x300.jpg 225w\" data-sizes=\"(max-width: 720px) 100vw, 720px\" src=\"data:image\/svg+xml;base64,PHN2ZyB3aWR0aD0iMSIgaGVpZ2h0PSIxIiB4bWxucz0iaHR0cDovL3d3dy53My5vcmcvMjAwMC9zdmciPjwvc3ZnPg==\" style=\"--smush-placeholder-width: 720px; --smush-placeholder-aspect-ratio: 720\/960;\" \/><\/figure>\n\n\n\n<figure class=\"wp-block-image size-large\"><img decoding=\"async\" width=\"960\" height=\"540\" data-attachment-id=\"69489\" data-permalink=\"https:\/\/eldiariodesanpedro.com.ar\/sitio\/continuan-las-jornadas-intensivas-de-controles-escolares-y-aptos-deportivos-en-las-localidades\/87496537_2607532389570220_4202384684614680576_n\/\" data-orig-file=\"https:\/\/eldiariodesanpedro.com.ar\/sitio\/wp-content\/uploads\/2020\/02\/87496537_2607532389570220_4202384684614680576_n.jpg\" data-orig-size=\"960,540\" data-comments-opened=\"1\" data-image-meta=\"{&quot;aperture&quot;:&quot;0&quot;,&quot;credit&quot;:&quot;&quot;,&quot;camera&quot;:&quot;&quot;,&quot;caption&quot;:&quot;&quot;,&quot;created_timestamp&quot;:&quot;0&quot;,&quot;copyright&quot;:&quot;&quot;,&quot;focal_length&quot;:&quot;0&quot;,&quot;iso&quot;:&quot;0&quot;,&quot;shutter_speed&quot;:&quot;0&quot;,&quot;title&quot;:&quot;&quot;,&quot;orientation&quot;:&quot;0&quot;}\" data-image-title=\"87496537_2607532389570220_4202384684614680576_n\" data-image-description=\"\" data-image-caption=\"\" data-large-file=\"https:\/\/eldiariodesanpedro.com.ar\/sitio\/wp-content\/uploads\/2020\/02\/87496537_2607532389570220_4202384684614680576_n.jpg\" data-src=\"https:\/\/eldiariodesanpedro.com.ar\/sitio\/wp-content\/uploads\/2020\/02\/87496537_2607532389570220_4202384684614680576_n.jpg\" alt=\"\" class=\"wp-image-69489 lazyload\" data-srcset=\"https:\/\/eldiariodesanpedro.com.ar\/sitio\/wp-content\/uploads\/2020\/02\/87496537_2607532389570220_4202384684614680576_n.jpg 960w, https:\/\/eldiariodesanpedro.com.ar\/sitio\/wp-content\/uploads\/2020\/02\/87496537_2607532389570220_4202384684614680576_n-300x169.jpg 300w, https:\/\/eldiariodesanpedro.com.ar\/sitio\/wp-content\/uploads\/2020\/02\/87496537_2607532389570220_4202384684614680576_n-768x432.jpg 768w, https:\/\/eldiariodesanpedro.com.ar\/sitio\/wp-content\/uploads\/2020\/02\/87496537_2607532389570220_4202384684614680576_n-800x450.jpg 800w\" data-sizes=\"(max-width: 960px) 100vw, 960px\" src=\"data:image\/svg+xml;base64,PHN2ZyB3aWR0aD0iMSIgaGVpZ2h0PSIxIiB4bWxucz0iaHR0cDovL3d3dy53My5vcmcvMjAwMC9zdmciPjwvc3ZnPg==\" style=\"--smush-placeholder-width: 960px; --smush-placeholder-aspect-ratio: 960\/540;\" \/><\/figure>\n","protected":false},"excerpt":{"rendered":"<p>Las jornadas de controles generales para ni\u00f1os coordinadas desde la Secretar\u00eda de Salud llegaron a Santa Luc\u00eda y continuar\u00e1n en los pr\u00f3ximos d\u00edas acompa\u00f1ando a las familias en el inicio del ciclo lectivo y las escuelas deportivas. El Hospital Municipal de Santa Luc\u00eda comenz\u00f3 hoy, con la colaboraci\u00f3n de todos los profesionales del nosocomio, una [&hellip;]<\/p>\n","protected":false},"author":4,"featured_media":69492,"comment_status":"open","ping_status":"closed","sticky":false,"template":"","format":"standard","meta":{"om_disable_all_campaigns":false,"_jetpack_memberships_contains_paid_content":false,"footnotes":""},"categories":[101,2],"tags":[],"class_list":["post-69487","post","type-post","status-publish","format-standard","has-post-thumbnail","hentry","category-interes-general-locales","category-locales"],"aioseo_notices":[],"gutentor_comment":0,"jetpack_featured_media_url":"https:\/\/eldiariodesanpedro.com.ar\/sitio\/wp-content\/uploads\/2020\/02\/88985476_2607532436236882_7067292724776402944_n.jpg","jetpack_shortlink":"https:\/\/wp.me\/p6RhLt-i4L","jetpack_sharing_enabled":true,"_links":{"self":[{"href":"https:\/\/eldiariodesanpedro.com.ar\/sitio\/wp-json\/wp\/v2\/posts\/69487","targetHints":{"allow":["GET"]}}],"collection":[{"href":"https:\/\/eldiariodesanpedro.com.ar\/sitio\/wp-json\/wp\/v2\/posts"}],"about":[{"href":"https:\/\/eldiariodesanpedro.com.ar\/sitio\/wp-json\/wp\/v2\/types\/post"}],"author":[{"embeddable":true,"href":"https:\/\/eldiariodesanpedro.com.ar\/sitio\/wp-json\/wp\/v2\/users\/4"}],"replies":[{"embeddable":true,"href":"https:\/\/eldiariodesanpedro.com.ar\/sitio\/wp-json\/wp\/v2\/comments?post=69487"}],"version-history":[{"count":1,"href":"https:\/\/eldiariodesanpedro.com.ar\/sitio\/wp-json\/wp\/v2\/posts\/69487\/revisions"}],"predecessor-version":[{"id":69493,"href":"https:\/\/eldiariodesanpedro.com.ar\/sitio\/wp-json\/wp\/v2\/posts\/69487\/revisions\/69493"}],"wp:featuredmedia":[{"embeddable":true,"href":"https:\/\/eldiariodesanpedro.com.ar\/sitio\/wp-json\/wp\/v2\/media\/69492"}],"wp:attachment":[{"href":"https:\/\/eldiariodesanpedro.com.ar\/sitio\/wp-json\/wp\/v2\/media?parent=69487"}],"wp:term":[{"taxonomy":"category","embeddable":true,"href":"https:\/\/eldiariodesanpedro.com.ar\/sitio\/wp-json\/wp\/v2\/categories?post=69487"},{"taxonomy":"post_tag","embeddable":true,"href":"https:\/\/eldiariodesanpedro.com.ar\/sitio\/wp-json\/wp\/v2\/tags?post=69487"}],"curies":[{"name":"wp","href":"https:\/\/api.w.org\/{rel}","templated":true}]}}