{"id":69479,"date":"2020-02-28T10:28:52","date_gmt":"2020-02-28T13:28:52","guid":{"rendered":"https:\/\/eldiariodesanpedro.com.ar\/sitio\/?p=69479"},"modified":"2020-02-28T10:28:57","modified_gmt":"2020-02-28T13:28:57","slug":"junior-solmi-vuelve-al-tc-mouras","status":"publish","type":"post","link":"https:\/\/eldiariodesanpedro.com.ar\/sitio\/junior-solmi-vuelve-al-tc-mouras\/","title":{"rendered":"Junior Solmi vuelve al TC Mouras"},"content":{"rendered":"<!-- VideographyWP Plugin Message: Automatic video embedding prevented by plugin options. -->\n\n<p>Despu\u00e9s de varios meses inactivo por falta de presupuesto, vuelve Junior Solmi al automovilismo nacional en este caso al TC Mouras con un Chevrolet de Jos\u00e9 Garavano.<\/p>\n\n\n\n<p>Con el cl\u00e1sico 115 en sus laterales, este fin de semana est\u00e1 confirmada su participaci\u00f3n aunque no se sabe a\u00fan si tendr\u00e1 continuidad , seg\u00fan pudimos saber desde www.sanpedroinforma.com.ar su padre Sergio Solmi nos manifestaba su alegr\u00eda de volver pero con la incertidumbre del proyecto a futuro en cuanto al resto de las fechas de la temporada 2020.<\/p>\n\n\n\n<p>El punto mas complicado es la cuesti\u00f3n presupuestaria para poder estar en todas, por ahora se aseguro la posibilidad de estar en la segunda fecha de la categor\u00eda en el aut\u00f3dromo de la ciudad de La Plata.<\/p>\n\n\n\n<p>Fuente: San Pedro Informa<\/p>\n","protected":false},"excerpt":{"rendered":"<p>Despu\u00e9s de varios meses inactivo por falta de presupuesto, vuelve Junior Solmi al automovilismo nacional en este caso al TC Mouras con un Chevrolet de Jos\u00e9 Garavano. Con el cl\u00e1sico 115 en sus laterales, este fin de semana est\u00e1 confirmada su participaci\u00f3n aunque no se sabe a\u00fan si tendr\u00e1 continuidad , seg\u00fan pudimos saber desde [&hellip;]<\/p>\n","protected":false},"author":4,"featured_media":69480,"comment_status":"open","ping_status":"closed","sticky":false,"template":"","format":"standard","meta":{"om_disable_all_campaigns":false,"_jetpack_memberships_contains_paid_content":false,"footnotes":""},"categories":[621],"tags":[],"class_list":["post-69479","post","type-post","status-publish","format-standard","has-post-thumbnail","hentry","category-regionales"],"aioseo_notices":[],"gutentor_comment":0,"jetpack_featured_media_url":"https:\/\/eldiariodesanpedro.com.ar\/sitio\/wp-content\/uploads\/2020\/02\/000082435.jpg","jetpack_shortlink":"https:\/\/wp.me\/p6RhLt-i4D","jetpack_sharing_enabled":true,"_links":{"self":[{"href":"https:\/\/eldiariodesanpedro.com.ar\/sitio\/wp-json\/wp\/v2\/posts\/69479","targetHints":{"allow":["GET"]}}],"collection":[{"href":"https:\/\/eldiariodesanpedro.com.ar\/sitio\/wp-json\/wp\/v2\/posts"}],"about":[{"href":"https:\/\/eldiariodesanpedro.com.ar\/sitio\/wp-json\/wp\/v2\/types\/post"}],"author":[{"embeddable":true,"href":"https:\/\/eldiariodesanpedro.com.ar\/sitio\/wp-json\/wp\/v2\/users\/4"}],"replies":[{"embeddable":true,"href":"https:\/\/eldiariodesanpedro.com.ar\/sitio\/wp-json\/wp\/v2\/comments?post=69479"}],"version-history":[{"count":1,"href":"https:\/\/eldiariodesanpedro.com.ar\/sitio\/wp-json\/wp\/v2\/posts\/69479\/revisions"}],"predecessor-version":[{"id":69481,"href":"https:\/\/eldiariodesanpedro.com.ar\/sitio\/wp-json\/wp\/v2\/posts\/69479\/revisions\/69481"}],"wp:featuredmedia":[{"embeddable":true,"href":"https:\/\/eldiariodesanpedro.com.ar\/sitio\/wp-json\/wp\/v2\/media\/69480"}],"wp:attachment":[{"href":"https:\/\/eldiariodesanpedro.com.ar\/sitio\/wp-json\/wp\/v2\/media?parent=69479"}],"wp:term":[{"taxonomy":"category","embeddable":true,"href":"https:\/\/eldiariodesanpedro.com.ar\/sitio\/wp-json\/wp\/v2\/categories?post=69479"},{"taxonomy":"post_tag","embeddable":true,"href":"https:\/\/eldiariodesanpedro.com.ar\/sitio\/wp-json\/wp\/v2\/tags?post=69479"}],"curies":[{"name":"wp","href":"https:\/\/api.w.org\/{rel}","templated":true}]}}