{"id":69476,"date":"2020-02-28T10:26:48","date_gmt":"2020-02-28T13:26:48","guid":{"rendered":"https:\/\/eldiariodesanpedro.com.ar\/sitio\/?p=69476"},"modified":"2020-02-28T10:26:54","modified_gmt":"2020-02-28T13:26:54","slug":"ramallo-el-ejecutivo-evalua-presentar-una-denuncia-penal-por-los-expedientes-de-vivienda","status":"publish","type":"post","link":"https:\/\/eldiariodesanpedro.com.ar\/sitio\/ramallo-el-ejecutivo-evalua-presentar-una-denuncia-penal-por-los-expedientes-de-vivienda\/","title":{"rendered":"RAMALLO | El Ejecutivo eval\u00faa presentar una denuncia penal por los expedientes de vivienda"},"content":{"rendered":"<!-- VideographyWP Plugin Message: Automatic video embedding prevented by plugin options. -->\n\n<p>El gobierno de Gustavo Perie eval\u00faa en las pr\u00f3ximas horas realizar una serie de denuncias en la justicia contra la administraci\u00f3n de Mauro Poletti. Una de ellas estar\u00eda relacionada con la falta de expedientes del \u00e1rea de tierra y vivienda, donde un empleado habr\u00eda retirado una caja con documentaci\u00f3n.<\/p>\n\n\n\n<p> Esta denuncia ser\u00e1 parte del discurso que el intendente pronunciara en la apertura de sesiones del Concejo Deliberante el pr\u00f3ximo domingo 1\u00b0 de marzo. En las \u00faltimas horas se produjeron una serie de movimientos de personal dentro de dicha oficina, vinculados a esta situaci\u00f3n.<\/p>\n\n\n\n<p> Le\u00e9 tambi\u00e9n Proponen crear una mesa de seguimiento econ\u00f3mico municipal Tambi\u00e9n se presentara otra denuncia vinculada al faltante de maquinarias y desguace de algunos equipos. Esta presentaci\u00f3n est\u00e1 atada a un informe que viene elaborando el Coordinador de Gabinete, Roberto Borselli, pero que a\u00fan no se conocieron detalles del mismo.<\/p>\n\n\n\n<p> Perie apunta a que su discurso en el Concejo Deliberante deje asentado cual ser\u00e1 el rumbo de su gesti\u00f3n, que viene siendo cuestionada desde varios sectores.<\/p>\n\n\n\n<p> Intentar\u00e1 retomar el factor \u201cPoletti\u201d para ensayar algunas respuestas a las demandas que todav\u00eda tiene abiertas dentro de su administraci\u00f3n.<\/p>\n\n\n\n<p>Fuente: Ramallo Informa<\/p>\n","protected":false},"excerpt":{"rendered":"<p>El gobierno de Gustavo Perie eval\u00faa en las pr\u00f3ximas horas realizar una serie de denuncias en la justicia contra la administraci\u00f3n de Mauro Poletti. Una de ellas estar\u00eda relacionada con la falta de expedientes del \u00e1rea de tierra y vivienda, donde un empleado habr\u00eda retirado una caja con documentaci\u00f3n. Esta denuncia ser\u00e1 parte del discurso [&hellip;]<\/p>\n","protected":false},"author":4,"featured_media":69477,"comment_status":"open","ping_status":"closed","sticky":false,"template":"","format":"standard","meta":{"om_disable_all_campaigns":false,"_jetpack_memberships_contains_paid_content":false,"footnotes":""},"categories":[621],"tags":[],"class_list":["post-69476","post","type-post","status-publish","format-standard","has-post-thumbnail","hentry","category-regionales"],"aioseo_notices":[],"gutentor_comment":0,"jetpack_featured_media_url":"https:\/\/eldiariodesanpedro.com.ar\/sitio\/wp-content\/uploads\/2020\/02\/gabiente-perie.jpg","jetpack_shortlink":"https:\/\/wp.me\/p6RhLt-i4A","jetpack_sharing_enabled":true,"_links":{"self":[{"href":"https:\/\/eldiariodesanpedro.com.ar\/sitio\/wp-json\/wp\/v2\/posts\/69476","targetHints":{"allow":["GET"]}}],"collection":[{"href":"https:\/\/eldiariodesanpedro.com.ar\/sitio\/wp-json\/wp\/v2\/posts"}],"about":[{"href":"https:\/\/eldiariodesanpedro.com.ar\/sitio\/wp-json\/wp\/v2\/types\/post"}],"author":[{"embeddable":true,"href":"https:\/\/eldiariodesanpedro.com.ar\/sitio\/wp-json\/wp\/v2\/users\/4"}],"replies":[{"embeddable":true,"href":"https:\/\/eldiariodesanpedro.com.ar\/sitio\/wp-json\/wp\/v2\/comments?post=69476"}],"version-history":[{"count":1,"href":"https:\/\/eldiariodesanpedro.com.ar\/sitio\/wp-json\/wp\/v2\/posts\/69476\/revisions"}],"predecessor-version":[{"id":69478,"href":"https:\/\/eldiariodesanpedro.com.ar\/sitio\/wp-json\/wp\/v2\/posts\/69476\/revisions\/69478"}],"wp:featuredmedia":[{"embeddable":true,"href":"https:\/\/eldiariodesanpedro.com.ar\/sitio\/wp-json\/wp\/v2\/media\/69477"}],"wp:attachment":[{"href":"https:\/\/eldiariodesanpedro.com.ar\/sitio\/wp-json\/wp\/v2\/media?parent=69476"}],"wp:term":[{"taxonomy":"category","embeddable":true,"href":"https:\/\/eldiariodesanpedro.com.ar\/sitio\/wp-json\/wp\/v2\/categories?post=69476"},{"taxonomy":"post_tag","embeddable":true,"href":"https:\/\/eldiariodesanpedro.com.ar\/sitio\/wp-json\/wp\/v2\/tags?post=69476"}],"curies":[{"name":"wp","href":"https:\/\/api.w.org\/{rel}","templated":true}]}}