{"id":69473,"date":"2020-02-28T10:24:13","date_gmt":"2020-02-28T13:24:13","guid":{"rendered":"https:\/\/eldiariodesanpedro.com.ar\/sitio\/?p=69473"},"modified":"2020-02-28T10:24:19","modified_gmt":"2020-02-28T13:24:19","slug":"campana-secuestran-motos-que-circulen-por-los-nuevos-espacios-de-juegos-y-parquizado-de-la-costanera","status":"publish","type":"post","link":"https:\/\/eldiariodesanpedro.com.ar\/sitio\/campana-secuestran-motos-que-circulen-por-los-nuevos-espacios-de-juegos-y-parquizado-de-la-costanera\/","title":{"rendered":"CAMPANA | Secuestran motos que circulen por los nuevos espacios de juegos y parquizado de la costanera"},"content":{"rendered":"<!-- VideographyWP Plugin Message: Automatic video embedding prevented by plugin options. -->\n\n<p>Durante el fin de semana, inspectores de tr\u00e1nsito y polic\u00eda recorrieron el lugar y secuestraron varias motocicletas que se encontraban en el parquizado. Los operativos continuar\u00e1n los pr\u00f3ximos d\u00edas.<br>\nEl Municipio avanza d\u00eda a d\u00eda con las obras de la nueva Costanera y este fin de semana realiz\u00f3 controles de tr\u00e1nsito para evitar la presencia de motocicletas que da\u00f1en el parquizado y los sectores de juegos atento a que est\u00e1 prohibido circular por la zona.<\/p>\n\n\n\n<p>Puntualmente, el \u00faltimo fin de semana, la Direcci\u00f3n de Tr\u00e1nsito y Transporte, acompa\u00f1ado por efectivos policiales y de prefectura, realiz\u00f3 controles secuestrando varios veh\u00edculos que se encontraban en infracci\u00f3n. Y, seg\u00fan anticiparon, los operativos continuar\u00e1n los pr\u00f3ximos d\u00edas.<\/p>\n\n\n\n<p>Conforme a ello, se solicita a los vecinos colaborar con el cuidado del lugar utilizando las instalaciones con responsabilidad y evitar circular por los espacios verdes, principalmente, en motocicleta.<\/p>\n\n\n\n<p>Es que el lugar todav\u00eda se realizan distintos trabajos para completar la inversi\u00f3n hist\u00f3rica impulsada por el intendente Sebasti\u00e1n Abella a fin de que los vecinos puedan disfrutar del lugar anhelado por d\u00e9cadas.<\/p>\n\n\n\n<p>En este marco, ya se colocaron juegos para ni\u00f1os como tambi\u00e9n mesas, bancos y reposeras anti vand\u00e1licos de hormig\u00f3n para de brindar un \u00f3ptimo espacio de descanso y esparcimiento a las familias.<\/p>\n\n\n\n<p>Tambi\u00e9n, se reemplazaron las barandas de contenci\u00f3n para brindar mayor seguridad a los visitantes y se trabaj\u00f3 en el parquizado de los espacios verdes y en la mejora de la luminaria.<\/p>\n\n\n\n<p>Y, seg\u00fan se inform\u00f3, en los pr\u00f3ximos d\u00edas se avanzar\u00e1 con la colocaci\u00f3n de nueva carteler\u00eda y se\u00f1al\u00e9tica vial completando as\u00ed una inversi\u00f3n hist\u00f3rica impulsada por el intendente Abella.<\/p>\n\n\n\n<p>Fuente: Enlace Critico<\/p>\n","protected":false},"excerpt":{"rendered":"<p>Durante el fin de semana, inspectores de tr\u00e1nsito y polic\u00eda recorrieron el lugar y secuestraron varias motocicletas que se encontraban en el parquizado. Los operativos continuar\u00e1n los pr\u00f3ximos d\u00edas. El Municipio avanza d\u00eda a d\u00eda con las obras de la nueva Costanera y este fin de semana realiz\u00f3 controles de tr\u00e1nsito para evitar la presencia [&hellip;]<\/p>\n","protected":false},"author":4,"featured_media":69474,"comment_status":"open","ping_status":"closed","sticky":false,"template":"","format":"standard","meta":{"om_disable_all_campaigns":false,"_jetpack_memberships_contains_paid_content":false,"footnotes":""},"categories":[621],"tags":[],"class_list":["post-69473","post","type-post","status-publish","format-standard","has-post-thumbnail","hentry","category-regionales"],"aioseo_notices":[],"gutentor_comment":0,"jetpack_featured_media_url":"https:\/\/eldiariodesanpedro.com.ar\/sitio\/wp-content\/uploads\/2020\/02\/img_20200226_135842.jpg","jetpack_shortlink":"https:\/\/wp.me\/p6RhLt-i4x","jetpack_sharing_enabled":true,"_links":{"self":[{"href":"https:\/\/eldiariodesanpedro.com.ar\/sitio\/wp-json\/wp\/v2\/posts\/69473","targetHints":{"allow":["GET"]}}],"collection":[{"href":"https:\/\/eldiariodesanpedro.com.ar\/sitio\/wp-json\/wp\/v2\/posts"}],"about":[{"href":"https:\/\/eldiariodesanpedro.com.ar\/sitio\/wp-json\/wp\/v2\/types\/post"}],"author":[{"embeddable":true,"href":"https:\/\/eldiariodesanpedro.com.ar\/sitio\/wp-json\/wp\/v2\/users\/4"}],"replies":[{"embeddable":true,"href":"https:\/\/eldiariodesanpedro.com.ar\/sitio\/wp-json\/wp\/v2\/comments?post=69473"}],"version-history":[{"count":1,"href":"https:\/\/eldiariodesanpedro.com.ar\/sitio\/wp-json\/wp\/v2\/posts\/69473\/revisions"}],"predecessor-version":[{"id":69475,"href":"https:\/\/eldiariodesanpedro.com.ar\/sitio\/wp-json\/wp\/v2\/posts\/69473\/revisions\/69475"}],"wp:featuredmedia":[{"embeddable":true,"href":"https:\/\/eldiariodesanpedro.com.ar\/sitio\/wp-json\/wp\/v2\/media\/69474"}],"wp:attachment":[{"href":"https:\/\/eldiariodesanpedro.com.ar\/sitio\/wp-json\/wp\/v2\/media?parent=69473"}],"wp:term":[{"taxonomy":"category","embeddable":true,"href":"https:\/\/eldiariodesanpedro.com.ar\/sitio\/wp-json\/wp\/v2\/categories?post=69473"},{"taxonomy":"post_tag","embeddable":true,"href":"https:\/\/eldiariodesanpedro.com.ar\/sitio\/wp-json\/wp\/v2\/tags?post=69473"}],"curies":[{"name":"wp","href":"https:\/\/api.w.org\/{rel}","templated":true}]}}