{"id":69469,"date":"2020-02-28T10:20:06","date_gmt":"2020-02-28T13:20:06","guid":{"rendered":"https:\/\/eldiariodesanpedro.com.ar\/sitio\/?p=69469"},"modified":"2020-02-28T10:20:13","modified_gmt":"2020-02-28T13:20:13","slug":"campana-cruz-roja-desarrollo-actividades-solidarias-pensando-en-el-projimo","status":"publish","type":"post","link":"https:\/\/eldiariodesanpedro.com.ar\/sitio\/campana-cruz-roja-desarrollo-actividades-solidarias-pensando-en-el-projimo\/","title":{"rendered":"CAMPANA | Cruz Roja desarroll\u00f3 actividades solidarias pensando en el pr\u00f3jimo"},"content":{"rendered":"<!-- VideographyWP Plugin Message: Automatic video embedding prevented by plugin options. -->\n\n<p> Compartieron la merienda y llevaron juguetes de regalo para los chicos y chicas del Comedor \u201cPanza llena, coraz\u00f3n contento\u201d, ubicado en el Barrio Lubo. Tambi\u00e9n brindaron una Capacitaci\u00f3n en RCP al personal docente del Jard\u00edn de Infantes N\u00b0 923, del Barrio Santa Florentina.<\/p>\n\n\n\n<p>\n\nDurante los \u00faltimos d\u00edas y en la continuidad de su intensa agenda social y solidaria la Cruz Roja Argentina \u2013 Filial Campana llev\u00f3 adelante diversas actividades pensadas por y para el pr\u00f3jimo.<\/p>\n\n\n\n<p>El pasado s\u00e1bado voluntarios de la Filial se acercaron al Comedor \u201cPanza llena, coraz\u00f3n contento\u201d, ubicado en el Barrio Lubo, para disfrutar una linda jornada jugando con los chicos y chicas, compartiendo la merienda y llevando juguetes de regalo. \u201c\u00a1Felices de ver sus sonrisas y poder ayudar!\u201d, se\u00f1alaron.<\/p>\n\n\n\n<p>Luego brindaron una Jornada de Capacitaci\u00f3n en RCP (Reanimaci\u00f3n Cardio Pulmonar), que estuvo dirigida al personal docente de la comunidad educativa del Jard\u00edn de Infantes N\u00b0 923, del Barrio Santa Florentina. <\/p>\n\n\n\n<p>Fuente: Campana Noticias<\/p>\n","protected":false},"excerpt":{"rendered":"<p>Compartieron la merienda y llevaron juguetes de regalo para los chicos y chicas del Comedor \u201cPanza llena, coraz\u00f3n contento\u201d, ubicado en el Barrio Lubo. Tambi\u00e9n brindaron una Capacitaci\u00f3n en RCP al personal docente del Jard\u00edn de Infantes N\u00b0 923, del Barrio Santa Florentina. Durante los \u00faltimos d\u00edas y en la continuidad de su intensa agenda [&hellip;]<\/p>\n","protected":false},"author":4,"featured_media":69470,"comment_status":"open","ping_status":"closed","sticky":false,"template":"","format":"standard","meta":{"om_disable_all_campaigns":false,"_jetpack_memberships_contains_paid_content":false,"footnotes":""},"categories":[621],"tags":[],"class_list":["post-69469","post","type-post","status-publish","format-standard","has-post-thumbnail","hentry","category-regionales"],"aioseo_notices":[],"gutentor_comment":0,"jetpack_featured_media_url":"https:\/\/eldiariodesanpedro.com.ar\/sitio\/wp-content\/uploads\/2020\/02\/20200227025935.jpg","jetpack_shortlink":"https:\/\/wp.me\/p6RhLt-i4t","jetpack_sharing_enabled":true,"_links":{"self":[{"href":"https:\/\/eldiariodesanpedro.com.ar\/sitio\/wp-json\/wp\/v2\/posts\/69469","targetHints":{"allow":["GET"]}}],"collection":[{"href":"https:\/\/eldiariodesanpedro.com.ar\/sitio\/wp-json\/wp\/v2\/posts"}],"about":[{"href":"https:\/\/eldiariodesanpedro.com.ar\/sitio\/wp-json\/wp\/v2\/types\/post"}],"author":[{"embeddable":true,"href":"https:\/\/eldiariodesanpedro.com.ar\/sitio\/wp-json\/wp\/v2\/users\/4"}],"replies":[{"embeddable":true,"href":"https:\/\/eldiariodesanpedro.com.ar\/sitio\/wp-json\/wp\/v2\/comments?post=69469"}],"version-history":[{"count":1,"href":"https:\/\/eldiariodesanpedro.com.ar\/sitio\/wp-json\/wp\/v2\/posts\/69469\/revisions"}],"predecessor-version":[{"id":69471,"href":"https:\/\/eldiariodesanpedro.com.ar\/sitio\/wp-json\/wp\/v2\/posts\/69469\/revisions\/69471"}],"wp:featuredmedia":[{"embeddable":true,"href":"https:\/\/eldiariodesanpedro.com.ar\/sitio\/wp-json\/wp\/v2\/media\/69470"}],"wp:attachment":[{"href":"https:\/\/eldiariodesanpedro.com.ar\/sitio\/wp-json\/wp\/v2\/media?parent=69469"}],"wp:term":[{"taxonomy":"category","embeddable":true,"href":"https:\/\/eldiariodesanpedro.com.ar\/sitio\/wp-json\/wp\/v2\/categories?post=69469"},{"taxonomy":"post_tag","embeddable":true,"href":"https:\/\/eldiariodesanpedro.com.ar\/sitio\/wp-json\/wp\/v2\/tags?post=69469"}],"curies":[{"name":"wp","href":"https:\/\/api.w.org\/{rel}","templated":true}]}}