{"id":69466,"date":"2020-02-28T10:18:06","date_gmt":"2020-02-28T13:18:06","guid":{"rendered":"https:\/\/eldiariodesanpedro.com.ar\/sitio\/?p=69466"},"modified":"2020-02-28T10:18:15","modified_gmt":"2020-02-28T13:18:15","slug":"zarate-mas-despidos-en-atucha-impiden-el-ingreso-de-100-trabajadores","status":"publish","type":"post","link":"https:\/\/eldiariodesanpedro.com.ar\/sitio\/zarate-mas-despidos-en-atucha-impiden-el-ingreso-de-100-trabajadores\/","title":{"rendered":"Z\u00c1RATE | M\u00e1s despidos en Atucha: impiden el ingreso de 100 trabajadores"},"content":{"rendered":"<!-- VideographyWP Plugin Message: Automatic video embedding prevented by plugin options. -->\n\n<p>\n\nAl conflicto vigente con el personal del Proyecto Carem 25, hoy en per\u00edodo de Conciliaci\u00f3n Obligatoria, en la ma\u00f1ana de este jueves se sum\u00f3 otra situaci\u00f3n con los trabajadores de la Central Nuclear.<\/p>\n\n\n\n<p>Alrededor de las 6:30 de este jueves, operarios de Atucha I no pudieron ingresar a planta, confirmaron voceros de la Uni\u00f3n Obrera de la Construcci\u00f3n de la Rep\u00fablica Argentina (UOCRA) Delegaci\u00f3n Z\u00e1rate.<\/p>\n\n\n\n<p>\u00abTres horas despu\u00e9s NASA ratific\u00f3 sus despidos sin dar mayores explicaciones\u00bb, aseguraban las mismas voces.<\/p>\n\n\n\n<p>El personal pertenece a empresas contratistas que se encontraban realizando distintas tareas de construcci\u00f3n en la planta.<\/p>\n\n\n\n<p>\u00abComo gremio ya estamos pidiendo la intervenci\u00f3n del Ministerio de Trabajo pero vale aclarar que todav\u00eda hay sin resolver la situaci\u00f3n de 400 compa\u00f1eros del Carem 25, que sumados a estos nuevos 100 de Atucha I tendr\u00edamos la alarmante cantidad de 500 familias con destino incierto\u00bb, remarcaron con impotencia.<\/p>\n\n\n\n<p>Fuente: Enlace Critico<\/p>\n","protected":false},"excerpt":{"rendered":"<p>Al conflicto vigente con el personal del Proyecto Carem 25, hoy en per\u00edodo de Conciliaci\u00f3n Obligatoria, en la ma\u00f1ana de este jueves se sum\u00f3 otra situaci\u00f3n con los trabajadores de la Central Nuclear. Alrededor de las 6:30 de este jueves, operarios de Atucha I no pudieron ingresar a planta, confirmaron voceros de la Uni\u00f3n Obrera [&hellip;]<\/p>\n","protected":false},"author":4,"featured_media":69467,"comment_status":"open","ping_status":"closed","sticky":false,"template":"","format":"standard","meta":{"om_disable_all_campaigns":false,"_jetpack_memberships_contains_paid_content":false,"footnotes":""},"categories":[621],"tags":[],"class_list":["post-69466","post","type-post","status-publish","format-standard","has-post-thumbnail","hentry","category-regionales"],"aioseo_notices":[],"gutentor_comment":1,"jetpack_featured_media_url":"https:\/\/eldiariodesanpedro.com.ar\/sitio\/wp-content\/uploads\/2020\/02\/atucha-15.jpg","jetpack_shortlink":"https:\/\/wp.me\/p6RhLt-i4q","jetpack_sharing_enabled":true,"_links":{"self":[{"href":"https:\/\/eldiariodesanpedro.com.ar\/sitio\/wp-json\/wp\/v2\/posts\/69466","targetHints":{"allow":["GET"]}}],"collection":[{"href":"https:\/\/eldiariodesanpedro.com.ar\/sitio\/wp-json\/wp\/v2\/posts"}],"about":[{"href":"https:\/\/eldiariodesanpedro.com.ar\/sitio\/wp-json\/wp\/v2\/types\/post"}],"author":[{"embeddable":true,"href":"https:\/\/eldiariodesanpedro.com.ar\/sitio\/wp-json\/wp\/v2\/users\/4"}],"replies":[{"embeddable":true,"href":"https:\/\/eldiariodesanpedro.com.ar\/sitio\/wp-json\/wp\/v2\/comments?post=69466"}],"version-history":[{"count":1,"href":"https:\/\/eldiariodesanpedro.com.ar\/sitio\/wp-json\/wp\/v2\/posts\/69466\/revisions"}],"predecessor-version":[{"id":69468,"href":"https:\/\/eldiariodesanpedro.com.ar\/sitio\/wp-json\/wp\/v2\/posts\/69466\/revisions\/69468"}],"wp:featuredmedia":[{"embeddable":true,"href":"https:\/\/eldiariodesanpedro.com.ar\/sitio\/wp-json\/wp\/v2\/media\/69467"}],"wp:attachment":[{"href":"https:\/\/eldiariodesanpedro.com.ar\/sitio\/wp-json\/wp\/v2\/media?parent=69466"}],"wp:term":[{"taxonomy":"category","embeddable":true,"href":"https:\/\/eldiariodesanpedro.com.ar\/sitio\/wp-json\/wp\/v2\/categories?post=69466"},{"taxonomy":"post_tag","embeddable":true,"href":"https:\/\/eldiariodesanpedro.com.ar\/sitio\/wp-json\/wp\/v2\/tags?post=69466"}],"curies":[{"name":"wp","href":"https:\/\/api.w.org\/{rel}","templated":true}]}}