{"id":69463,"date":"2020-02-28T10:16:37","date_gmt":"2020-02-28T13:16:37","guid":{"rendered":"https:\/\/eldiariodesanpedro.com.ar\/sitio\/?p=69463"},"modified":"2020-02-28T10:16:38","modified_gmt":"2020-02-28T13:16:38","slug":"campana-reabren-las-inscripciones-para-el-ciclo-2020-en-la-universidad-tecnologica-nacional","status":"publish","type":"post","link":"https:\/\/eldiariodesanpedro.com.ar\/sitio\/campana-reabren-las-inscripciones-para-el-ciclo-2020-en-la-universidad-tecnologica-nacional\/","title":{"rendered":"CAMPANA | Reabren las inscripciones para el ciclo 2020 en la Universidad T\u00e9cnol\u00f3gica Nacional"},"content":{"rendered":"<!-- VideographyWP Plugin Message: Automatic video embedding prevented by plugin options. -->\n\n<p>\n\nLa Facultad Regional Delta reabre sus cupos desde el 9 al 13 de marzo, para todos los interesados en iniciar sus estudios de en el mes de abril. A continuaci\u00f3n, m\u00e1s detalles sobre c\u00f3mo aprovechar esta oportunidad.<\/p>\n\n\n\n<p>La UTN:FRD reabrir\u00e1 la instancia de inscripci\u00f3n entre los d\u00edas 9 y 13 de marzo. Posteriromente a \u00e9sta, el Curso de Nivelaci\u00f3n es la primera instancia acad\u00e9mica por la que deben transitar los estudiantes de Ingenier\u00eda de la UTN. Descarg\u00e1 la planilla de inscripci\u00f3n y conoc\u00e9 todo sobre el curso en\u00a0https:\/\/www.frd.utn.edu.ar\/ingresantes<br><br>Las carreras de grado que se dictan en la UTN FRD son: Ingenier\u00eda El\u00e9ctrica, Ingenier\u00eda Mec\u00e1nica, Ingenier\u00eda Qu\u00edmica, Ingenier\u00eda en Sistemas de Informaci\u00f3n y Analista Universitario en Sistemas.<br><br>Las carreras son totalmente gratuitas y est\u00e1n acreditadas por la Comisi\u00f3n Nacional de Evaluaci\u00f3n y Acreditaci\u00f3n Universitaria, que se encarg\u00f3 de la evaluaci\u00f3n de las mismas de acuerdo a est\u00e1ndares fijados por el Ministerio de Educaci\u00f3n.<br><br>La UTN presenta dos caracter\u00edsticas que la distinguen del resto de las instituciones del sistema universitario argentino:<br><br>&#8211; Es la \u00fanica universidad del pa\u00eds que tiene a la ingenier\u00eda como prioridad en su oferta acad\u00e9mica.<br><br>&#8211; Posee car\u00e1cter federal, por incluir a todas las regiones de Argentina.<br><br>Requisitos para la inscripci\u00f3n a las carreras de Ingenier\u00eda:<br><br>&#8211; 3 fotos tipo carnet (actualizada), iguales, sin marcas y\/o sellos. Las fotos deben ser impresas sobre papel fotogr\u00e1fico.<br>&#8211; Para Ingenier\u00eda: Fotocopia autenticada de Certificado Anal\u00edtico de estudio secundario o Constancia de cursar el \u00faltimo a\u00f1o de \u00e9ste nivel (la constancia no debe tener m\u00e1s de 30 d\u00edas de su emisi\u00f3n).<br>&#8211; Para Tecnicatura: Fotocopia autenticada de Certificado Anal\u00edtico de estudio secundario.<br>&#8211; Aquel aspirante que quiera realizar el Seminario Universitario de Ingreso a la par del cursado del \u00faltimo a\u00f1o del secundario, deber\u00e1 traer constancia que acredite que ha sido promovido al \u00faltimo a\u00f1o.<br>&#8211; Fotocopia del DNI (documentaci\u00f3n actualizada seg\u00fan legislaci\u00f3n vigente).<br>&#8211; Fotocopia autenticada de Partida de Nacimiento.<br>&#8211; Imprimir y traer completa la Planilla de Inscripci\u00f3n (si la completa en la facultad traer birome).<br>&#8211; Fotocopia de la constancia de CUIL<br>&#8211; Planilla de inscripci\u00f3n para alumnos en situaci\u00f3n de discapacidad<br>&#8211; No se realizar\u00e1n inscripciones a ninguna carrera, si los requerimientos no se cumplen seg\u00fan las nuevas disposiciones del Ministerio de Educaci\u00f3n de la Rep\u00fablica Argentina. Imprimir y traer completa la Planilla de Inscripci\u00f3n.<br><br>A su vez, es posible contactarse con el sector de Informes e Inscripci\u00f3n dirigi\u00e9ndose a la Oficina de Alumnos, ubicada en San Mart\u00edn 1171 de 16 a 21 horas, o bien por v\u00eda telef\u00f3nica al (03489) 420400 int. 5101. Tambi\u00e9n es posible entrar en comunicaci\u00f3n\u00a0a trav\u00e9s de redes sociales\u00a0o bien mediante el sitio web oficial:\u00a0www.frd.utn.edu.ar<\/p>\n\n\n\n<p>Fuente: Campana Noticias<\/p>\n","protected":false},"excerpt":{"rendered":"<p>La Facultad Regional Delta reabre sus cupos desde el 9 al 13 de marzo, para todos los interesados en iniciar sus estudios de en el mes de abril. A continuaci\u00f3n, m\u00e1s detalles sobre c\u00f3mo aprovechar esta oportunidad. La UTN:FRD reabrir\u00e1 la instancia de inscripci\u00f3n entre los d\u00edas 9 y 13 de marzo. Posteriromente a \u00e9sta, [&hellip;]<\/p>\n","protected":false},"author":4,"featured_media":69464,"comment_status":"open","ping_status":"closed","sticky":false,"template":"","format":"standard","meta":{"om_disable_all_campaigns":false,"_jetpack_memberships_contains_paid_content":false,"footnotes":""},"categories":[621],"tags":[],"class_list":["post-69463","post","type-post","status-publish","format-standard","has-post-thumbnail","hentry","category-regionales"],"aioseo_notices":[],"gutentor_comment":0,"jetpack_featured_media_url":"https:\/\/eldiariodesanpedro.com.ar\/sitio\/wp-content\/uploads\/2020\/02\/20200227115647.jpg","jetpack_shortlink":"https:\/\/wp.me\/p6RhLt-i4n","jetpack_sharing_enabled":true,"_links":{"self":[{"href":"https:\/\/eldiariodesanpedro.com.ar\/sitio\/wp-json\/wp\/v2\/posts\/69463","targetHints":{"allow":["GET"]}}],"collection":[{"href":"https:\/\/eldiariodesanpedro.com.ar\/sitio\/wp-json\/wp\/v2\/posts"}],"about":[{"href":"https:\/\/eldiariodesanpedro.com.ar\/sitio\/wp-json\/wp\/v2\/types\/post"}],"author":[{"embeddable":true,"href":"https:\/\/eldiariodesanpedro.com.ar\/sitio\/wp-json\/wp\/v2\/users\/4"}],"replies":[{"embeddable":true,"href":"https:\/\/eldiariodesanpedro.com.ar\/sitio\/wp-json\/wp\/v2\/comments?post=69463"}],"version-history":[{"count":1,"href":"https:\/\/eldiariodesanpedro.com.ar\/sitio\/wp-json\/wp\/v2\/posts\/69463\/revisions"}],"predecessor-version":[{"id":69465,"href":"https:\/\/eldiariodesanpedro.com.ar\/sitio\/wp-json\/wp\/v2\/posts\/69463\/revisions\/69465"}],"wp:featuredmedia":[{"embeddable":true,"href":"https:\/\/eldiariodesanpedro.com.ar\/sitio\/wp-json\/wp\/v2\/media\/69464"}],"wp:attachment":[{"href":"https:\/\/eldiariodesanpedro.com.ar\/sitio\/wp-json\/wp\/v2\/media?parent=69463"}],"wp:term":[{"taxonomy":"category","embeddable":true,"href":"https:\/\/eldiariodesanpedro.com.ar\/sitio\/wp-json\/wp\/v2\/categories?post=69463"},{"taxonomy":"post_tag","embeddable":true,"href":"https:\/\/eldiariodesanpedro.com.ar\/sitio\/wp-json\/wp\/v2\/tags?post=69463"}],"curies":[{"name":"wp","href":"https:\/\/api.w.org\/{rel}","templated":true}]}}