{"id":69459,"date":"2020-02-28T10:11:00","date_gmt":"2020-02-28T13:11:00","guid":{"rendered":"https:\/\/eldiariodesanpedro.com.ar\/sitio\/?p=69459"},"modified":"2020-02-28T10:21:49","modified_gmt":"2020-02-28T13:21:49","slug":"san-pedros-sera-el-municicipio-que-mas-fondo-recibira-de-la-provincia-en-la-segunda-seccion","status":"publish","type":"post","link":"https:\/\/eldiariodesanpedro.com.ar\/sitio\/san-pedros-sera-el-municicipio-que-mas-fondo-recibira-de-la-provincia-en-la-segunda-seccion\/","title":{"rendered":"San Pedro ser\u00e1 el municicipio que mas fondo recibira de la provincia en la segunda secci\u00f3n"},"content":{"rendered":"<!-- VideographyWP Plugin Message: Automatic video embedding prevented by plugin options. -->\n\n<p>La gesti\u00f3n del Gobernador Kicillof, en el marco del tratamiento legislativo de la Ley de Emergencia en la Provincia,&nbsp;concedi\u00f3 fondos para obras de infraestructura de asignaci\u00f3n directa a los municipios de la provincia.&nbsp;Pergamino es el distrito que se encuentra en el cuarto lugar dentro de los mas beneficiados de los 15 que conforman la Segunda Secci\u00f3n electoral.<\/p>\n\n\n\n<p>El art\u00edculo 27 de la ley N\u00b0 15.165 cre\u00f3 el Fondo Municipal para Convenios de Infraestructura por un importe total de 2.000 millones de pesos, que deber\u00e1n ser destinados a financiar total o parcialmente obras municipales de infraestructura. Estableciendo adem\u00e1s que su distribuci\u00f3n ser\u00e1 conforme al Coeficiente \u00danico de Distribuci\u00f3n para los partidos de la provincia.<\/p>\n\n\n\n<p>Restando a\u00fan la reglamentaci\u00f3n de la aplicaci\u00f3n de estos fondos por parte del gobierno provincial, los mismos deber\u00e1n ser destinados a \u201cobras y\/o mantenimiento de infraestructura en obras hidr\u00e1ulicas, viales, de energ\u00eda, de transporte, de vivienda y salud\u201d, quedando expresamente vedado la utilizaci\u00f3n en gastos corrientes de los Municipios.<\/p>\n\n\n\n<p>Los fondos deber\u00edan ser remitidos para su ejecuci\u00f3n luego de la presentaci\u00f3n de los proyectos que cada uno de los municipios pretenda darle prioridad, estableciendo al Ministerio de Infraestructura y Servicios P\u00fablicos como autoridad de aplicaci\u00f3n.<\/p>\n\n\n\n<p>Si bien las declaraciones period\u00edsticas de los Intendentes de la provincia se\u00f1alan las exiguas participaciones, para los distritos de menor peso pol\u00edtico, que no tendr\u00e1n definici\u00f3n del grueso de obras en las negociaciones del presupuesto provincial a\u00fan en proceso de presentaci\u00f3n, es un aliciente.<\/p>\n\n\n\n<p>Los m\u00e1s beneficiados ser\u00e1n La Matanza con 147 millones de pesos; Merlo y Malvinas Argentinas, con 67 y 69 millones de pesos respectivamente.<\/p>\n\n\n\n<p>En la segunda Secci\u00f3n&nbsp;San Pedro ser\u00e1 el Municipio que m\u00e1s fondos recibir\u00e1 dentro de los 15 municipios que la componen:<\/p>\n\n\n\n<h5 class=\"wp-block-heading\">1.SAN PEDRO&nbsp;&nbsp; &nbsp; &nbsp; $ 14.262.600<br>2.SAN NICOLAS &nbsp;$ 11.321.800<br>3.ZARATE&nbsp;&nbsp; &nbsp; &nbsp; $ 11.243.600<br><strong>4.PERGAMINO&nbsp;&nbsp; &nbsp; &nbsp; $ 8.971.200&nbsp;<\/strong><br>5.EXALTACION DE LA CRUZ&nbsp;&nbsp; &nbsp; $ 8.362.400<br>6.SAN ANDRES DE GILES&nbsp;&nbsp; &nbsp; $ 7.740.200<br>7.COLON&nbsp;&nbsp; &nbsp; &nbsp;$ 7.334.600<br>8.ROJAS&nbsp;&nbsp; &nbsp; &nbsp;$ 6.377.200<br>9.ARRECIFES&nbsp;&nbsp; &nbsp; &nbsp;$ 6.241.200<br>10.BARADERO&nbsp;&nbsp; &nbsp; &nbsp;$ 6.068.400<br>11.SALTO&nbsp;&nbsp; &nbsp; &nbsp;$ 5.326.600<br>12.SAN ANTONIO DE ARECO $ 5.117.200<br>13.RAMALLO&nbsp;&nbsp; &nbsp;$ 4.875.200<br>14.CAPITAN SARMIENTO&nbsp;&nbsp; &nbsp;$ 2.980.400<br>15.CARMEN DE ARECO&nbsp;&nbsp; &nbsp;$ 2.017.400<\/h5>\n","protected":false},"excerpt":{"rendered":"<p>La gesti\u00f3n del Gobernador Kicillof, en el marco del tratamiento legislativo de la Ley de Emergencia en la Provincia,&nbsp;concedi\u00f3 fondos para obras de infraestructura de asignaci\u00f3n directa a los municipios de la provincia.&nbsp;Pergamino es el distrito que se encuentra en el cuarto lugar dentro de los mas beneficiados de los 15 que conforman la Segunda [&hellip;]<\/p>\n","protected":false},"author":4,"featured_media":69460,"comment_status":"open","ping_status":"closed","sticky":false,"template":"","format":"standard","meta":{"om_disable_all_campaigns":false,"_jetpack_memberships_contains_paid_content":false,"footnotes":""},"categories":[50,101,2],"tags":[],"class_list":["post-69459","post","type-post","status-publish","format-standard","has-post-thumbnail","hentry","category-destacadas","category-interes-general-locales","category-locales"],"aioseo_notices":[],"gutentor_comment":0,"jetpack_featured_media_url":"https:\/\/eldiariodesanpedro.com.ar\/sitio\/wp-content\/uploads\/2020\/02\/108613_3.jpg","jetpack_shortlink":"https:\/\/wp.me\/p6RhLt-i4j","jetpack_sharing_enabled":true,"_links":{"self":[{"href":"https:\/\/eldiariodesanpedro.com.ar\/sitio\/wp-json\/wp\/v2\/posts\/69459","targetHints":{"allow":["GET"]}}],"collection":[{"href":"https:\/\/eldiariodesanpedro.com.ar\/sitio\/wp-json\/wp\/v2\/posts"}],"about":[{"href":"https:\/\/eldiariodesanpedro.com.ar\/sitio\/wp-json\/wp\/v2\/types\/post"}],"author":[{"embeddable":true,"href":"https:\/\/eldiariodesanpedro.com.ar\/sitio\/wp-json\/wp\/v2\/users\/4"}],"replies":[{"embeddable":true,"href":"https:\/\/eldiariodesanpedro.com.ar\/sitio\/wp-json\/wp\/v2\/comments?post=69459"}],"version-history":[{"count":2,"href":"https:\/\/eldiariodesanpedro.com.ar\/sitio\/wp-json\/wp\/v2\/posts\/69459\/revisions"}],"predecessor-version":[{"id":69472,"href":"https:\/\/eldiariodesanpedro.com.ar\/sitio\/wp-json\/wp\/v2\/posts\/69459\/revisions\/69472"}],"wp:featuredmedia":[{"embeddable":true,"href":"https:\/\/eldiariodesanpedro.com.ar\/sitio\/wp-json\/wp\/v2\/media\/69460"}],"wp:attachment":[{"href":"https:\/\/eldiariodesanpedro.com.ar\/sitio\/wp-json\/wp\/v2\/media?parent=69459"}],"wp:term":[{"taxonomy":"category","embeddable":true,"href":"https:\/\/eldiariodesanpedro.com.ar\/sitio\/wp-json\/wp\/v2\/categories?post=69459"},{"taxonomy":"post_tag","embeddable":true,"href":"https:\/\/eldiariodesanpedro.com.ar\/sitio\/wp-json\/wp\/v2\/tags?post=69459"}],"curies":[{"name":"wp","href":"https:\/\/api.w.org\/{rel}","templated":true}]}}