{"id":69456,"date":"2020-02-28T10:02:39","date_gmt":"2020-02-28T13:02:39","guid":{"rendered":"https:\/\/eldiariodesanpedro.com.ar\/sitio\/?p=69456"},"modified":"2020-02-28T10:13:17","modified_gmt":"2020-02-28T13:13:17","slug":"las-clases-iniciaran-con-normalidad-luego-del-acuerdo-entre-docentes-y-el-gobierno","status":"publish","type":"post","link":"https:\/\/eldiariodesanpedro.com.ar\/sitio\/las-clases-iniciaran-con-normalidad-luego-del-acuerdo-entre-docentes-y-el-gobierno\/","title":{"rendered":"Las clases iniciari\u00e1n con normalidad luego del acuerdo entre docentes y el gobierno"},"content":{"rendered":"<!-- VideographyWP Plugin Message: Automatic video embedding prevented by plugin options. -->\n\n<p> El arreglo contempla un incremento del 23,5% en los sueldos m\u00ednimos hasta junio. A su vez, se pagar\u00e1 a los educadores una suma extraordinaria de 4840 pesos en cuatro cuotas. A partir de esta resoluci\u00f3n, los gremios garantizaron el inicio de actividades el lunes pr\u00f3ximo.<\/p>\n\n\n\n<p>\n\nEl gobierno nacional anunci\u00f3 en la jornada de ayer un acuerdo con representantes de trabajadores educativos, que llevar\u00e1 el piso salarial a los 23 mil pesos a partir del primer d\u00eda del mes de marzo, y posteriormente una suba de 25 mil pesos desde el mes de julio, estableci\u00e9ndose de esta manera un aumento total del 23,5% total.<\/p>\n\n\n\n<p>El arreglo pudo ser establecido producto de una reuni\u00f3n en el Ministerio de Educaci\u00f3n, actualmente presidido por Nicol\u00e1s Trotta, quien a su vez estableci\u00f3 que las partes se volver\u00e1n a reunir a fines del mes de julio. La intenci\u00f3n del gobierno es dejar la paritaria abierta durante el presente a\u00f1o para asegurar que el salario docente se ubique siempre por encima del avance inflacionario.<\/p>\n\n\n\n<p>Mientras estos aumentos estar\u00e1n a cargo de las provincias, el gobierno nacional garantiz\u00f3 por su parte a su vez el pago de un bono extraordinario de $4840, a abonarse en cuatro cuotas iguales ($1210) entre los meses de abril, mayo, junio y julio.<\/p>\n\n\n\n<p>Entre las partes involucradas en la reuni\u00f3n con el Ministerio se encontraban miembros de Ctera, Uda, Cea, Amet y Sadop. Si bien algunos miembros de estas entidades expresaron sus dudas sobre algunos detalles espec\u00edficos de lo establecido, la posici\u00f3n formal trascendida es que se trata de un acuerdo ya concretado.<\/p>\n\n\n\n<p>Tras lo anunciado, lo \u00fanico que resta son las conversaciones necesarias con cada una de las provincias y sus situaciones particulares respecto a este rubro. Por fortuna, nuestra regi\u00f3n no se encuentra entre tales jurisdicciones, de manera que el acuerdo resulta aqu\u00ed de aplicaci\u00f3n efectiva, lo cual a su vez significa una garant\u00eda para el inicio del ciclo lectivo en la jornada del lunes 2 de marzo. <\/p>\n\n\n\n<p>Fuente: Campan Noticias<\/p>\n","protected":false},"excerpt":{"rendered":"<p>El arreglo contempla un incremento del 23,5% en los sueldos m\u00ednimos hasta junio. A su vez, se pagar\u00e1 a los educadores una suma extraordinaria de 4840 pesos en cuatro cuotas. A partir de esta resoluci\u00f3n, los gremios garantizaron el inicio de actividades el lunes pr\u00f3ximo. El gobierno nacional anunci\u00f3 en la jornada de ayer un [&hellip;]<\/p>\n","protected":false},"author":4,"featured_media":69457,"comment_status":"open","ping_status":"closed","sticky":false,"template":"","format":"standard","meta":{"om_disable_all_campaigns":false,"_jetpack_memberships_contains_paid_content":false,"footnotes":""},"categories":[101,2],"tags":[],"class_list":["post-69456","post","type-post","status-publish","format-standard","has-post-thumbnail","hentry","category-interes-general-locales","category-locales"],"aioseo_notices":[],"gutentor_comment":0,"jetpack_featured_media_url":"https:\/\/eldiariodesanpedro.com.ar\/sitio\/wp-content\/uploads\/2020\/02\/aula.jpg","jetpack_shortlink":"https:\/\/wp.me\/p6RhLt-i4g","jetpack_sharing_enabled":true,"_links":{"self":[{"href":"https:\/\/eldiariodesanpedro.com.ar\/sitio\/wp-json\/wp\/v2\/posts\/69456","targetHints":{"allow":["GET"]}}],"collection":[{"href":"https:\/\/eldiariodesanpedro.com.ar\/sitio\/wp-json\/wp\/v2\/posts"}],"about":[{"href":"https:\/\/eldiariodesanpedro.com.ar\/sitio\/wp-json\/wp\/v2\/types\/post"}],"author":[{"embeddable":true,"href":"https:\/\/eldiariodesanpedro.com.ar\/sitio\/wp-json\/wp\/v2\/users\/4"}],"replies":[{"embeddable":true,"href":"https:\/\/eldiariodesanpedro.com.ar\/sitio\/wp-json\/wp\/v2\/comments?post=69456"}],"version-history":[{"count":2,"href":"https:\/\/eldiariodesanpedro.com.ar\/sitio\/wp-json\/wp\/v2\/posts\/69456\/revisions"}],"predecessor-version":[{"id":69462,"href":"https:\/\/eldiariodesanpedro.com.ar\/sitio\/wp-json\/wp\/v2\/posts\/69456\/revisions\/69462"}],"wp:featuredmedia":[{"embeddable":true,"href":"https:\/\/eldiariodesanpedro.com.ar\/sitio\/wp-json\/wp\/v2\/media\/69457"}],"wp:attachment":[{"href":"https:\/\/eldiariodesanpedro.com.ar\/sitio\/wp-json\/wp\/v2\/media?parent=69456"}],"wp:term":[{"taxonomy":"category","embeddable":true,"href":"https:\/\/eldiariodesanpedro.com.ar\/sitio\/wp-json\/wp\/v2\/categories?post=69456"},{"taxonomy":"post_tag","embeddable":true,"href":"https:\/\/eldiariodesanpedro.com.ar\/sitio\/wp-json\/wp\/v2\/tags?post=69456"}],"curies":[{"name":"wp","href":"https:\/\/api.w.org\/{rel}","templated":true}]}}