{"id":69453,"date":"2020-02-28T09:58:30","date_gmt":"2020-02-28T12:58:30","guid":{"rendered":"https:\/\/eldiariodesanpedro.com.ar\/sitio\/?p=69453"},"modified":"2020-02-28T09:59:01","modified_gmt":"2020-02-28T12:59:01","slug":"vence-el-plazo-para-la-utilizacion-del-billete-de-5-pesos","status":"publish","type":"post","link":"https:\/\/eldiariodesanpedro.com.ar\/sitio\/vence-el-plazo-para-la-utilizacion-del-billete-de-5-pesos\/","title":{"rendered":"Vence el plazo para la utilizaci\u00f3n del billete de 5 pesos"},"content":{"rendered":"<!-- VideographyWP Plugin Message: Automatic video embedding prevented by plugin options. -->\n\n<p>\n\nMa\u00f1ana vence el plazo para utizar los billetes de 5 pesos y desde el Banco Central de la Rep\u00fablica Argentina se\u00f1alaron que no se renovar\u00e1. La fecha original para que el billete de 5 pesos deje de tener validez era el 31 de enero, pero el Banco Central retras\u00f3 el cronograma durante un mes por pedido de diversas c\u00e1maras empresarias y comerciales, que se\u00f1alaron que necesitaban m\u00e1s tiempo para acceder a las monedas y organizar sus circuitos administrativos.<\/p>\n\n\n\n<p>Pero esto no significa que, una vez que termine el mes, aquel que se qued\u00f3 en su poder con el billete que lleva la imagen de Jos\u00e9 de San Mart\u00edn s\u00f3lo tenga la opci\u00f3n de enmarcarlo o venderlo en el mundo de la notafilia a un coleccionista de billetes.<\/p>\n\n\n\n<p>El Central dispuso que entre el 1\u00b0 y el 31 de marzo, quienes todav\u00eda tengan billetes de 5 pesos en su poder podr\u00e1n presentarlos en cualquier sucursal bancaria del pa\u00eds, donde podr\u00e1n depositarlos en una cuenta. Tambi\u00e9n podr\u00e1n canjearlos por las nuevas monedas de 5 pesos o por monedas y billetes de otros valores. A partir del 1\u00b0 de abril, no habr\u00e1 m\u00e1s opciones para recuperar su valor, ni present\u00e1ndolos en los bancos, ni en el Banco Central, ni por ninguna otra v\u00eda.<\/p>\n\n\n\n<p>El billete de 5 pesos ser\u00e1 reemplazado por a moneda del mismo valor, de color plateado y con la imagen del array\u00e1n.\n\n<\/p>\n","protected":false},"excerpt":{"rendered":"<p>Ma\u00f1ana vence el plazo para utizar los billetes de 5 pesos y desde el Banco Central de la Rep\u00fablica Argentina se\u00f1alaron que no se renovar\u00e1. La fecha original para que el billete de 5 pesos deje de tener validez era el 31 de enero, pero el Banco Central retras\u00f3 el cronograma durante un mes por [&hellip;]<\/p>\n","protected":false},"author":4,"featured_media":69454,"comment_status":"open","ping_status":"closed","sticky":false,"template":"","format":"standard","meta":{"om_disable_all_campaigns":false,"_jetpack_memberships_contains_paid_content":false,"footnotes":""},"categories":[101,2],"tags":[],"class_list":["post-69453","post","type-post","status-publish","format-standard","has-post-thumbnail","hentry","category-interes-general-locales","category-locales"],"aioseo_notices":[],"gutentor_comment":0,"jetpack_featured_media_url":"https:\/\/eldiariodesanpedro.com.ar\/sitio\/wp-content\/uploads\/2020\/02\/no_g27tj2n4oi5yua5no_bz6pyrwt9ek7ly6no_shj9lk3wby4kwd2cinco_pesos_1.jpg","jetpack_shortlink":"https:\/\/wp.me\/p6RhLt-i4d","jetpack_sharing_enabled":true,"_links":{"self":[{"href":"https:\/\/eldiariodesanpedro.com.ar\/sitio\/wp-json\/wp\/v2\/posts\/69453","targetHints":{"allow":["GET"]}}],"collection":[{"href":"https:\/\/eldiariodesanpedro.com.ar\/sitio\/wp-json\/wp\/v2\/posts"}],"about":[{"href":"https:\/\/eldiariodesanpedro.com.ar\/sitio\/wp-json\/wp\/v2\/types\/post"}],"author":[{"embeddable":true,"href":"https:\/\/eldiariodesanpedro.com.ar\/sitio\/wp-json\/wp\/v2\/users\/4"}],"replies":[{"embeddable":true,"href":"https:\/\/eldiariodesanpedro.com.ar\/sitio\/wp-json\/wp\/v2\/comments?post=69453"}],"version-history":[{"count":1,"href":"https:\/\/eldiariodesanpedro.com.ar\/sitio\/wp-json\/wp\/v2\/posts\/69453\/revisions"}],"predecessor-version":[{"id":69455,"href":"https:\/\/eldiariodesanpedro.com.ar\/sitio\/wp-json\/wp\/v2\/posts\/69453\/revisions\/69455"}],"wp:featuredmedia":[{"embeddable":true,"href":"https:\/\/eldiariodesanpedro.com.ar\/sitio\/wp-json\/wp\/v2\/media\/69454"}],"wp:attachment":[{"href":"https:\/\/eldiariodesanpedro.com.ar\/sitio\/wp-json\/wp\/v2\/media?parent=69453"}],"wp:term":[{"taxonomy":"category","embeddable":true,"href":"https:\/\/eldiariodesanpedro.com.ar\/sitio\/wp-json\/wp\/v2\/categories?post=69453"},{"taxonomy":"post_tag","embeddable":true,"href":"https:\/\/eldiariodesanpedro.com.ar\/sitio\/wp-json\/wp\/v2\/tags?post=69453"}],"curies":[{"name":"wp","href":"https:\/\/api.w.org\/{rel}","templated":true}]}}