{"id":6944,"date":"2016-08-10T10:47:56","date_gmt":"2016-08-10T13:47:56","guid":{"rendered":"https:\/\/eldiariodesanpedro.com.ar\/sitio\/?p=6944"},"modified":"2016-08-10T10:47:56","modified_gmt":"2016-08-10T13:47:56","slug":"incendio-en-una-carbonera","status":"publish","type":"post","link":"https:\/\/eldiariodesanpedro.com.ar\/sitio\/incendio-en-una-carbonera\/","title":{"rendered":"Incendio en una carbonera"},"content":{"rendered":"<p><!-- VideographyWP Plugin Message: Automatic video embedding prevented by plugin options. --><br \/>\nEl siniestro, que podr\u00eda haber sido intencional, se produjo el lunes, cerca de las 20.00 en Mateo Sbert y G\u00fcemes. Una dotaci\u00f3n del cuerpo de Bomberos Voluntarios concurri\u00f3 al lugar y procedi\u00f3 a sofocar el siniestro con una l\u00ednea de ataque. Gracias al r\u00e1pido accionar los da\u00f1os fueron menores.<br \/>\nSe investiga si el incendio fue provocado por una persona. Tom\u00f3 intervenci\u00f3n la UFI N\u00ba 5 San Pedro.<\/p>\n","protected":false},"excerpt":{"rendered":"<p>El siniestro, que podr\u00eda haber sido intencional, se produjo el lunes, cerca de las 20.00 en Mateo Sbert y G\u00fcemes. Una dotaci\u00f3n del cuerpo de Bomberos Voluntarios concurri\u00f3 al lugar y procedi\u00f3 a sofocar el siniestro con una l\u00ednea de ataque. Gracias al r\u00e1pido accionar los da\u00f1os fueron menores. Se investiga si el incendio fue [&hellip;]<\/p>\n","protected":false},"author":4,"featured_media":6945,"comment_status":"open","ping_status":"closed","sticky":false,"template":"","format":"standard","meta":{"om_disable_all_campaigns":false,"_jetpack_memberships_contains_paid_content":false,"footnotes":""},"categories":[50,101,2],"tags":[],"class_list":["post-6944","post","type-post","status-publish","format-standard","has-post-thumbnail","hentry","category-destacadas","category-interes-general-locales","category-locales"],"aioseo_notices":[],"gutentor_comment":0,"jetpack_featured_media_url":"https:\/\/eldiariodesanpedro.com.ar\/sitio\/wp-content\/uploads\/2016\/08\/PAGINA-4-03.jpg","jetpack_shortlink":"https:\/\/wp.me\/p6RhLt-1O0","jetpack_sharing_enabled":true,"_links":{"self":[{"href":"https:\/\/eldiariodesanpedro.com.ar\/sitio\/wp-json\/wp\/v2\/posts\/6944","targetHints":{"allow":["GET"]}}],"collection":[{"href":"https:\/\/eldiariodesanpedro.com.ar\/sitio\/wp-json\/wp\/v2\/posts"}],"about":[{"href":"https:\/\/eldiariodesanpedro.com.ar\/sitio\/wp-json\/wp\/v2\/types\/post"}],"author":[{"embeddable":true,"href":"https:\/\/eldiariodesanpedro.com.ar\/sitio\/wp-json\/wp\/v2\/users\/4"}],"replies":[{"embeddable":true,"href":"https:\/\/eldiariodesanpedro.com.ar\/sitio\/wp-json\/wp\/v2\/comments?post=6944"}],"version-history":[{"count":1,"href":"https:\/\/eldiariodesanpedro.com.ar\/sitio\/wp-json\/wp\/v2\/posts\/6944\/revisions"}],"predecessor-version":[{"id":6946,"href":"https:\/\/eldiariodesanpedro.com.ar\/sitio\/wp-json\/wp\/v2\/posts\/6944\/revisions\/6946"}],"wp:featuredmedia":[{"embeddable":true,"href":"https:\/\/eldiariodesanpedro.com.ar\/sitio\/wp-json\/wp\/v2\/media\/6945"}],"wp:attachment":[{"href":"https:\/\/eldiariodesanpedro.com.ar\/sitio\/wp-json\/wp\/v2\/media?parent=6944"}],"wp:term":[{"taxonomy":"category","embeddable":true,"href":"https:\/\/eldiariodesanpedro.com.ar\/sitio\/wp-json\/wp\/v2\/categories?post=6944"},{"taxonomy":"post_tag","embeddable":true,"href":"https:\/\/eldiariodesanpedro.com.ar\/sitio\/wp-json\/wp\/v2\/tags?post=6944"}],"curies":[{"name":"wp","href":"https:\/\/api.w.org\/{rel}","templated":true}]}}