{"id":69428,"date":"2020-02-27T12:28:21","date_gmt":"2020-02-27T15:28:21","guid":{"rendered":"https:\/\/eldiariodesanpedro.com.ar\/sitio\/?p=69428"},"modified":"2020-02-27T12:28:22","modified_gmt":"2020-02-27T15:28:22","slug":"el-asesino-de-diego-mercado-se-nego-a-declarar","status":"publish","type":"post","link":"https:\/\/eldiariodesanpedro.com.ar\/sitio\/el-asesino-de-diego-mercado-se-nego-a-declarar\/","title":{"rendered":"El asesino de Diego Mercado se nego a declarar"},"content":{"rendered":"<!-- VideographyWP Plugin Message: Automatic video embedding prevented by plugin options. -->\n\n<p>El Dr. Marcelo Manso, titular de la UFI 5, sostuvo hoy que la investigaci\u00f3n por el homicidio de Diego Mercado \u00abtiene un tr\u00e1mite relativamente simple\u00bb, en funci\u00f3n de los elementos obtenidos hasta el momento. <\/p>\n\n\n\n<p> \u00abEs un homicidio simple que tuvo lugar luego de una discusi\u00f3n entre un hombre y una mujer que hab\u00edan sido pareja y hab\u00edan disuelto esa relaci\u00f3n. Era por la tenencia de los chicos, por la visita de ese d\u00eda\u00bb explic\u00f3 Manso. <br> \u00abEsa discusi\u00f3n deriv\u00f3 en que intercediera la actual pareja de esa chica. Aplic\u00f3 varios puntazos en la zona del t\u00f3rax. Una o dos horas despu\u00e9s el agresor se entreg\u00f3 en la comisar\u00eda con el arma homicida\u00bb repas\u00f3. <\/p>\n\n\n\n<p> Aunque el autor del hecho se entreg\u00f3 con el arma homicida, el Fiscal aclar\u00f3: \u00abFormalmente, el reconocimiento viene en la declaraci\u00f3n como imputado, pero se neg\u00f3 a declarar. Cuenta con el asesoramiento de un abogado, veremos luego esto adonde nos lleva\u00bb. <\/p>\n\n\n\n<p> Entre los elementos t\u00e9cnicos, se aguarda por el turno para la realizaci\u00f3n de los estudios de ADN en las manchas de sangre encontradas en el cuchillo secuestrado.<\/p>\n","protected":false},"excerpt":{"rendered":"<p>El Dr. Marcelo Manso, titular de la UFI 5, sostuvo hoy que la investigaci\u00f3n por el homicidio de Diego Mercado \u00abtiene un tr\u00e1mite relativamente simple\u00bb, en funci\u00f3n de los elementos obtenidos hasta el momento. \u00abEs un homicidio simple que tuvo lugar luego de una discusi\u00f3n entre un hombre y una mujer que hab\u00edan sido pareja [&hellip;]<\/p>\n","protected":false},"author":4,"featured_media":69429,"comment_status":"open","ping_status":"closed","sticky":false,"template":"","format":"standard","meta":{"om_disable_all_campaigns":false,"_jetpack_memberships_contains_paid_content":false,"footnotes":""},"categories":[50,2,103],"tags":[],"class_list":["post-69428","post","type-post","status-publish","format-standard","has-post-thumbnail","hentry","category-destacadas","category-locales","category-policiales-locales"],"aioseo_notices":[],"gutentor_comment":0,"jetpack_featured_media_url":"https:\/\/eldiariodesanpedro.com.ar\/sitio\/wp-content\/uploads\/2020\/02\/000082379.jpg","jetpack_shortlink":"https:\/\/wp.me\/p6RhLt-i3O","jetpack_sharing_enabled":true,"_links":{"self":[{"href":"https:\/\/eldiariodesanpedro.com.ar\/sitio\/wp-json\/wp\/v2\/posts\/69428","targetHints":{"allow":["GET"]}}],"collection":[{"href":"https:\/\/eldiariodesanpedro.com.ar\/sitio\/wp-json\/wp\/v2\/posts"}],"about":[{"href":"https:\/\/eldiariodesanpedro.com.ar\/sitio\/wp-json\/wp\/v2\/types\/post"}],"author":[{"embeddable":true,"href":"https:\/\/eldiariodesanpedro.com.ar\/sitio\/wp-json\/wp\/v2\/users\/4"}],"replies":[{"embeddable":true,"href":"https:\/\/eldiariodesanpedro.com.ar\/sitio\/wp-json\/wp\/v2\/comments?post=69428"}],"version-history":[{"count":1,"href":"https:\/\/eldiariodesanpedro.com.ar\/sitio\/wp-json\/wp\/v2\/posts\/69428\/revisions"}],"predecessor-version":[{"id":69430,"href":"https:\/\/eldiariodesanpedro.com.ar\/sitio\/wp-json\/wp\/v2\/posts\/69428\/revisions\/69430"}],"wp:featuredmedia":[{"embeddable":true,"href":"https:\/\/eldiariodesanpedro.com.ar\/sitio\/wp-json\/wp\/v2\/media\/69429"}],"wp:attachment":[{"href":"https:\/\/eldiariodesanpedro.com.ar\/sitio\/wp-json\/wp\/v2\/media?parent=69428"}],"wp:term":[{"taxonomy":"category","embeddable":true,"href":"https:\/\/eldiariodesanpedro.com.ar\/sitio\/wp-json\/wp\/v2\/categories?post=69428"},{"taxonomy":"post_tag","embeddable":true,"href":"https:\/\/eldiariodesanpedro.com.ar\/sitio\/wp-json\/wp\/v2\/tags?post=69428"}],"curies":[{"name":"wp","href":"https:\/\/api.w.org\/{rel}","templated":true}]}}