{"id":69425,"date":"2020-02-27T12:05:04","date_gmt":"2020-02-27T15:05:04","guid":{"rendered":"https:\/\/eldiariodesanpedro.com.ar\/sitio\/?p=69425"},"modified":"2020-02-27T12:05:05","modified_gmt":"2020-02-27T15:05:05","slug":"sospechados-de-plantar-pruebas-el-fiscal-granda-imputo-a-tres-policias","status":"publish","type":"post","link":"https:\/\/eldiariodesanpedro.com.ar\/sitio\/sospechados-de-plantar-pruebas-el-fiscal-granda-imputo-a-tres-policias\/","title":{"rendered":"Sospechados de \u201cplantar\u201d pruebas el fiscal Granda imput\u00f3 a tres polic\u00edas"},"content":{"rendered":"<!-- VideographyWP Plugin Message: Automatic video embedding prevented by plugin options. -->\n\n<p>El letrado que tiene a cargo la causa en la que un polic\u00eda est\u00e1 detenido por la muerte de Gabriel Luna, abri\u00f3 una nueva investigaci\u00f3n para saber si el arma que estaba en poder de la v\u00edctima fue \u00abplantada\u00bb por los polic\u00edas.<\/p>\n\n\n\n<p>Mientras se aguarda que el juzgado de garant\u00edas de turno resuelva sobre el pedido para que el polic\u00eda Facundo G\u00f3mez permanezca detenido con prisi\u00f3n preventiva, el fiscal Hern\u00e1n Granda abri\u00f3 una nueva investigaci\u00f3n que va a la par de la iniciada por la muerte de Gabriel Luna, hecho acontecido el pasado 26 enero en una vivienda de Alvarado al 1300.<\/p>\n\n\n\n<p>El titular de la Ufi 8 de Baradero confirm\u00f3 en el aire de FM G\u00e9nesis que inici\u00f3 una nueva investigaci\u00f3n que tiene como objetivo poder determinar si el arma calibre 38 que se&nbsp; encontraba junto al cuerpo de la v\u00edctima pertenec\u00eda a este o fue \u00abplantada\u00bb.<\/p>\n\n\n\n<p>Es por eso que imput\u00f3 a tres efectivos de la Comisar\u00eda San Pedro para saber si alguno de estos fue el responsable de colocar el arma junto a la v\u00edctima con el objetivo de hacer creer a las autoridades que fue Luna el que apunt\u00f3 a los polic\u00edas antes de que estos dispararan.<\/p>\n\n\n\n<p>La investigaci\u00f3n se inicia no s\u00f3lo por lo exclamado por los familiares de Luna sino tambi\u00e9n por los dichos de los m\u00e9dicos del servicio de emergencia que llegaron primeros que todos al lugar del hecho y aseguraron no haber visto ning\u00fan arma en la mano de la v\u00edctima.<\/p>\n\n\n\n<p>Luna muri\u00f3 en horas de la madrugada cuando tras participar de un incidente callejero se introdujo en la casa de su familia. Desde su propio entorno convocaron a la polic\u00eda que ingres\u00f3 al domicilio y en un confuso episodio uno de los efectivos dispar\u00f3 a corta distancia con posta de goma hacia la humanidad de Luna quien muri\u00f3 en el acto. \u00a0<\/p>\n\n\n\n<p>Fuente: San Pedro Informa  &#8211; FM Genesis<\/p>\n","protected":false},"excerpt":{"rendered":"<p>El letrado que tiene a cargo la causa en la que un polic\u00eda est\u00e1 detenido por la muerte de Gabriel Luna, abri\u00f3 una nueva investigaci\u00f3n para saber si el arma que estaba en poder de la v\u00edctima fue \u00abplantada\u00bb por los polic\u00edas. Mientras se aguarda que el juzgado de garant\u00edas de turno resuelva sobre el [&hellip;]<\/p>\n","protected":false},"author":4,"featured_media":69426,"comment_status":"open","ping_status":"closed","sticky":false,"template":"","format":"standard","meta":{"om_disable_all_campaigns":false,"_jetpack_memberships_contains_paid_content":false,"footnotes":""},"categories":[50,2,103],"tags":[],"class_list":["post-69425","post","type-post","status-publish","format-standard","has-post-thumbnail","hentry","category-destacadas","category-locales","category-policiales-locales"],"aioseo_notices":[],"gutentor_comment":0,"jetpack_featured_media_url":"https:\/\/eldiariodesanpedro.com.ar\/sitio\/wp-content\/uploads\/2020\/02\/000082423.jpg","jetpack_shortlink":"https:\/\/wp.me\/p6RhLt-i3L","jetpack_sharing_enabled":true,"_links":{"self":[{"href":"https:\/\/eldiariodesanpedro.com.ar\/sitio\/wp-json\/wp\/v2\/posts\/69425","targetHints":{"allow":["GET"]}}],"collection":[{"href":"https:\/\/eldiariodesanpedro.com.ar\/sitio\/wp-json\/wp\/v2\/posts"}],"about":[{"href":"https:\/\/eldiariodesanpedro.com.ar\/sitio\/wp-json\/wp\/v2\/types\/post"}],"author":[{"embeddable":true,"href":"https:\/\/eldiariodesanpedro.com.ar\/sitio\/wp-json\/wp\/v2\/users\/4"}],"replies":[{"embeddable":true,"href":"https:\/\/eldiariodesanpedro.com.ar\/sitio\/wp-json\/wp\/v2\/comments?post=69425"}],"version-history":[{"count":1,"href":"https:\/\/eldiariodesanpedro.com.ar\/sitio\/wp-json\/wp\/v2\/posts\/69425\/revisions"}],"predecessor-version":[{"id":69427,"href":"https:\/\/eldiariodesanpedro.com.ar\/sitio\/wp-json\/wp\/v2\/posts\/69425\/revisions\/69427"}],"wp:featuredmedia":[{"embeddable":true,"href":"https:\/\/eldiariodesanpedro.com.ar\/sitio\/wp-json\/wp\/v2\/media\/69426"}],"wp:attachment":[{"href":"https:\/\/eldiariodesanpedro.com.ar\/sitio\/wp-json\/wp\/v2\/media?parent=69425"}],"wp:term":[{"taxonomy":"category","embeddable":true,"href":"https:\/\/eldiariodesanpedro.com.ar\/sitio\/wp-json\/wp\/v2\/categories?post=69425"},{"taxonomy":"post_tag","embeddable":true,"href":"https:\/\/eldiariodesanpedro.com.ar\/sitio\/wp-json\/wp\/v2\/tags?post=69425"}],"curies":[{"name":"wp","href":"https:\/\/api.w.org\/{rel}","templated":true}]}}