{"id":69422,"date":"2020-02-27T12:03:18","date_gmt":"2020-02-27T15:03:18","guid":{"rendered":"https:\/\/eldiariodesanpedro.com.ar\/sitio\/?p=69422"},"modified":"2020-02-27T12:03:19","modified_gmt":"2020-02-27T15:03:19","slug":"el-ex-concejal-mosquera-apoya-el-proyecto-de-ley-de-gondolas","status":"publish","type":"post","link":"https:\/\/eldiariodesanpedro.com.ar\/sitio\/el-ex-concejal-mosquera-apoya-el-proyecto-de-ley-de-gondolas\/","title":{"rendered":"El ex concejal Mosquera apoya el Proyecto de Ley de G\u00f3ndolas"},"content":{"rendered":"<!-- VideographyWP Plugin Message: Automatic video embedding prevented by plugin options. -->\n\n<p>El pr\u00f3ximo viernes 28 de Febrero, se espera que la C\u00e1mara de Senadores del Congreso de la Naci\u00f3n trate el proyecto de Ley de G\u00f3ndolas. Mediante un comunicado el ex funcionario se expres\u00f3 al respecto.\u00a0<\/p>\n\n\n\n<p>Mediante un comunicado de prensa el ex concejal Dami\u00e1n Mosquera\u00a0se expres\u00f3 con respecto al proyecto que ser\u00e1 tratado el viernes 28.\u00a0<\/p>\n\n\n\n<p>\u00abApoyo al proyecto de ley de g\u00f3ndolas, porque considero que es un proyecto que es vital e imprescindible para mejorar la competencia, fomentar la producci\u00f3n de las MIPYMES, reactivar la econom\u00eda, y disminuir notablemente el precio de los productos alimenticios y de consumo masivo, con la finalidad de cuidar el bolsillo de los consumidores argentinos. El proyecto de ley de g\u00f3ndolas incorpora una serie de obligaciones para las cadenas de supermercados minoristas que ayudar\u00e1n a eliminar las pr\u00e1cticas anticompetitivas y desleales que se presentan desde hace a\u00f1os en el mercado de venta de alimentos y productos de consumo masivo. Las principales obligaciones que prev\u00e9 el proyecto de ley son las siguientes:<\/p>\n\n\n\n<p><em>\u2022 Los supermercados tendr\u00e1n que exhibir en sus g\u00f3ndolas productos, de por lo menos, cinco proveedores diferentes por cada categor\u00eda de productos y ninguno de ellos podr\u00e1 ocupar con sus productos m\u00e1s del 30% del total de la g\u00f3ndola.<\/em><\/p>\n\n\n\n<p><em>\u2022 Los supermercados deber\u00e1n reservar un 25% del espacio de sus g\u00f3ndolas para exhibir productos fabricados y comercializados por las MIPYMES.<\/em><\/p>\n\n\n\n<p><em>\u2022 Los productores y los supermercados deber\u00e1n firmar contratos por escrito que incluyan las obligaciones que asumir\u00e1n ambas partes y establezcan claramente las condiciones de pago y entrega, los descuentos aplicables, etc. La modificaci\u00f3n de estos contratos no podr\u00e1 realizarse de manera unilateral por parte de los supermercados.<\/em><\/p>\n\n\n\n<p><em>\u2022 Los supermercados deber\u00e1n pagar los productos adquiridos de las MIPYMES en un plazo que no podr\u00e1 ser mayor a 60 d\u00edas.<\/em><\/p>\n\n\n\n<p><em>La implementaci\u00f3n de estas obligaciones permitir\u00e1 que los consumidores tengan m\u00e1s opciones al momento de efectuar sus compras en los supermercados. Finalmente, las MIPYMES podr\u00e1n acceder a las g\u00f3ndolas de los supermercados (canal de comercializaci\u00f3n que tienen actualmente vedado) aumentando la oferta de productos que competir\u00e1n con los de los principales proveedores que monopolizan el mercado. Esto no s\u00f3lo redundar\u00e1 en una baja notoria de los precios de los productos alimenticios y de consumo masivo, sino que tambi\u00e9n reactivar\u00e1 y fomentar\u00e1 la producci\u00f3n de las MIPYMES.<\/em><\/p>\n\n\n\n<p><em>Las MIPYMES, al poder acceder a las g\u00f3ndolas de los supermercados de manera habitual y frecuente, empezar\u00e1n realmente a producir a gran escala, lo cual llevar\u00e1 a la adquisici\u00f3n de m\u00e1s y mayor&nbsp; maquinaria y la posibilidad de contratar m\u00e1s mano de obra para mantener y aumentar su producci\u00f3n, y con ello, sus ganancias. Como consecuencia de ello, se reactivar\u00e1 tambi\u00e9n la econom\u00eda que tanto necesita de las MIPYMES, que son la principal fuente de trabajo de los argentinos.<\/em><\/p>\n\n\n\n<p><em>El pr\u00f3ximo viernes 28 de Febrero, se espera que la C\u00e1mara de Senadores del Congreso de la Naci\u00f3n trate el proyecto de Ley de G\u00f3ndolas. Por las razones que expuse anteriormente, considero que es necesario que el proyecto que desde&nbsp; hace un largo &nbsp;tiempo se viene tratando, se apruebe y se convierta definitivamente en ley.<\/em><\/p>\n\n\n\n<p><em>Mi compromiso con el proyecto de ley de g\u00f3ndolas es total, por eso el viernes voy a estar presente en el debate de la C\u00e1mara de Senadores para aportar mi visi\u00f3n y contribuir a la aprobaci\u00f3n del proyecto. Actividad que vengo desarrollando activamente desde el comienzo del tratamiento de esta ley en la Honorable C\u00e1mara de Diputados de la Naci\u00f3n, y siendo part\u00edcipe de las diferentes reuniones de Comisi\u00f3n previas al dictamen de la media sanci\u00f3n de la C\u00e1mara de origen.<\/em><\/p>\n\n\n\n<p><em>Para cerrar estas l\u00edneas, s\u00f3lo me gustar\u00eda agregar que espero sinceramente, que para el mes de Marzo, la ley de g\u00f3ndolas se encuentre aprobada y comience a ser implementada para que ya no se hagan esperar los innumerables beneficios que esta ley traer\u00e1 a los consumidores argentinos, las MIPYMES y la econom\u00eda de nuestro pa\u00eds\u00bb.<\/em><\/p>\n\n\n\n<p>Fuente: San Pedro Informa <\/p>\n","protected":false},"excerpt":{"rendered":"<p>El pr\u00f3ximo viernes 28 de Febrero, se espera que la C\u00e1mara de Senadores del Congreso de la Naci\u00f3n trate el proyecto de Ley de G\u00f3ndolas. Mediante un comunicado el ex funcionario se expres\u00f3 al respecto.\u00a0 Mediante un comunicado de prensa el ex concejal Dami\u00e1n Mosquera\u00a0se expres\u00f3 con respecto al proyecto que ser\u00e1 tratado el viernes [&hellip;]<\/p>\n","protected":false},"author":4,"featured_media":69423,"comment_status":"open","ping_status":"closed","sticky":false,"template":"","format":"standard","meta":{"om_disable_all_campaigns":false,"_jetpack_memberships_contains_paid_content":false,"footnotes":""},"categories":[2,102],"tags":[],"class_list":["post-69422","post","type-post","status-publish","format-standard","has-post-thumbnail","hentry","category-locales","category-politica-locales"],"aioseo_notices":[],"gutentor_comment":0,"jetpack_featured_media_url":"https:\/\/eldiariodesanpedro.com.ar\/sitio\/wp-content\/uploads\/2020\/02\/000082431.jpg","jetpack_shortlink":"https:\/\/wp.me\/p6RhLt-i3I","jetpack_sharing_enabled":true,"_links":{"self":[{"href":"https:\/\/eldiariodesanpedro.com.ar\/sitio\/wp-json\/wp\/v2\/posts\/69422","targetHints":{"allow":["GET"]}}],"collection":[{"href":"https:\/\/eldiariodesanpedro.com.ar\/sitio\/wp-json\/wp\/v2\/posts"}],"about":[{"href":"https:\/\/eldiariodesanpedro.com.ar\/sitio\/wp-json\/wp\/v2\/types\/post"}],"author":[{"embeddable":true,"href":"https:\/\/eldiariodesanpedro.com.ar\/sitio\/wp-json\/wp\/v2\/users\/4"}],"replies":[{"embeddable":true,"href":"https:\/\/eldiariodesanpedro.com.ar\/sitio\/wp-json\/wp\/v2\/comments?post=69422"}],"version-history":[{"count":1,"href":"https:\/\/eldiariodesanpedro.com.ar\/sitio\/wp-json\/wp\/v2\/posts\/69422\/revisions"}],"predecessor-version":[{"id":69424,"href":"https:\/\/eldiariodesanpedro.com.ar\/sitio\/wp-json\/wp\/v2\/posts\/69422\/revisions\/69424"}],"wp:featuredmedia":[{"embeddable":true,"href":"https:\/\/eldiariodesanpedro.com.ar\/sitio\/wp-json\/wp\/v2\/media\/69423"}],"wp:attachment":[{"href":"https:\/\/eldiariodesanpedro.com.ar\/sitio\/wp-json\/wp\/v2\/media?parent=69422"}],"wp:term":[{"taxonomy":"category","embeddable":true,"href":"https:\/\/eldiariodesanpedro.com.ar\/sitio\/wp-json\/wp\/v2\/categories?post=69422"},{"taxonomy":"post_tag","embeddable":true,"href":"https:\/\/eldiariodesanpedro.com.ar\/sitio\/wp-json\/wp\/v2\/tags?post=69422"}],"curies":[{"name":"wp","href":"https:\/\/api.w.org\/{rel}","templated":true}]}}