{"id":69418,"date":"2020-02-27T11:54:53","date_gmt":"2020-02-27T14:54:53","guid":{"rendered":"https:\/\/eldiariodesanpedro.com.ar\/sitio\/?p=69418"},"modified":"2020-02-27T11:54:54","modified_gmt":"2020-02-27T14:54:54","slug":"un-aprehendido-por-resistirse-a-entregar-una-motocicleta","status":"publish","type":"post","link":"https:\/\/eldiariodesanpedro.com.ar\/sitio\/un-aprehendido-por-resistirse-a-entregar-una-motocicleta\/","title":{"rendered":"Un aprehendido por resistirse a entregar una motocicleta"},"content":{"rendered":"<!-- VideographyWP Plugin Message: Automatic video embedding prevented by plugin options. -->\n\n<p>La polic\u00eda de nuestra ciudad en colaboraci\u00f3n con la Direcci\u00f3n de Tr\u00e1nsito en el&nbsp; marco de un operativo de control vehicular realiz\u00f3 en horas de la tarde de este mi\u00e9rcoles en Uruguay y Caseros, aprehendi\u00f3 a un ciudadano de 20 a\u00f1os de edad.<\/p>\n\n\n\n<p>Este joven se torn\u00f3 agresivo y ofuscado por infracci\u00f3n de tr\u00e1nsito realizada a un&nbsp; familiar que circulaba en motocicleta sin los papeles correspondientes, entorpeciendo la labor de los inspectores, adem\u00e1s intentando agredir a efectivos policiales, sin lograr cometido.&nbsp;<\/p>\n\n\n\n<p>Los uniformados afortunadamente resultaron ilesos, y el joven reducido y trasladado a la comisar\u00eda local donde fue alojado a disposici\u00f3n de la fiscal\u00eda en turno local.<\/p>\n","protected":false},"excerpt":{"rendered":"<p>La polic\u00eda de nuestra ciudad en colaboraci\u00f3n con la Direcci\u00f3n de Tr\u00e1nsito en el&nbsp; marco de un operativo de control vehicular realiz\u00f3 en horas de la tarde de este mi\u00e9rcoles en Uruguay y Caseros, aprehendi\u00f3 a un ciudadano de 20 a\u00f1os de edad. Este joven se torn\u00f3 agresivo y ofuscado por infracci\u00f3n de tr\u00e1nsito realizada [&hellip;]<\/p>\n","protected":false},"author":4,"featured_media":28505,"comment_status":"open","ping_status":"closed","sticky":false,"template":"","format":"standard","meta":{"om_disable_all_campaigns":false,"_jetpack_memberships_contains_paid_content":false,"footnotes":""},"categories":[2,103],"tags":[],"class_list":["post-69418","post","type-post","status-publish","format-standard","has-post-thumbnail","hentry","category-locales","category-policiales-locales"],"aioseo_notices":[],"gutentor_comment":0,"jetpack_featured_media_url":"https:\/\/eldiariodesanpedro.com.ar\/sitio\/wp-content\/uploads\/2018\/01\/control-transito.jpg","jetpack_shortlink":"https:\/\/wp.me\/p6RhLt-i3E","jetpack_sharing_enabled":true,"_links":{"self":[{"href":"https:\/\/eldiariodesanpedro.com.ar\/sitio\/wp-json\/wp\/v2\/posts\/69418","targetHints":{"allow":["GET"]}}],"collection":[{"href":"https:\/\/eldiariodesanpedro.com.ar\/sitio\/wp-json\/wp\/v2\/posts"}],"about":[{"href":"https:\/\/eldiariodesanpedro.com.ar\/sitio\/wp-json\/wp\/v2\/types\/post"}],"author":[{"embeddable":true,"href":"https:\/\/eldiariodesanpedro.com.ar\/sitio\/wp-json\/wp\/v2\/users\/4"}],"replies":[{"embeddable":true,"href":"https:\/\/eldiariodesanpedro.com.ar\/sitio\/wp-json\/wp\/v2\/comments?post=69418"}],"version-history":[{"count":1,"href":"https:\/\/eldiariodesanpedro.com.ar\/sitio\/wp-json\/wp\/v2\/posts\/69418\/revisions"}],"predecessor-version":[{"id":69419,"href":"https:\/\/eldiariodesanpedro.com.ar\/sitio\/wp-json\/wp\/v2\/posts\/69418\/revisions\/69419"}],"wp:featuredmedia":[{"embeddable":true,"href":"https:\/\/eldiariodesanpedro.com.ar\/sitio\/wp-json\/wp\/v2\/media\/28505"}],"wp:attachment":[{"href":"https:\/\/eldiariodesanpedro.com.ar\/sitio\/wp-json\/wp\/v2\/media?parent=69418"}],"wp:term":[{"taxonomy":"category","embeddable":true,"href":"https:\/\/eldiariodesanpedro.com.ar\/sitio\/wp-json\/wp\/v2\/categories?post=69418"},{"taxonomy":"post_tag","embeddable":true,"href":"https:\/\/eldiariodesanpedro.com.ar\/sitio\/wp-json\/wp\/v2\/tags?post=69418"}],"curies":[{"name":"wp","href":"https:\/\/api.w.org\/{rel}","templated":true}]}}