{"id":69416,"date":"2020-02-27T11:52:07","date_gmt":"2020-02-27T14:52:07","guid":{"rendered":"https:\/\/eldiariodesanpedro.com.ar\/sitio\/?p=69416"},"modified":"2020-02-27T12:34:54","modified_gmt":"2020-02-27T15:34:54","slug":"un-hombre-denuncia-robos-en-un-campo","status":"publish","type":"post","link":"https:\/\/eldiariodesanpedro.com.ar\/sitio\/un-hombre-denuncia-robos-en-un-campo\/","title":{"rendered":"Un hombre denuncia robos en un campo"},"content":{"rendered":"<!-- VideographyWP Plugin Message: Automatic video embedding prevented by plugin options. -->\n\n<p>Este mi\u00e9rcoles un ciudadano de 77 a\u00f1os se hace presente en la comisar\u00eda local, hace una semana constat\u00f3 que autores ignorados sustrajeron de campo propiedad ubicado en calle Laprida s\/n, en el cual solo posee sembrado de soja, un molino de viento.<\/p>\n","protected":false},"excerpt":{"rendered":"<p>Este mi\u00e9rcoles un ciudadano de 77 a\u00f1os se hace presente en la comisar\u00eda local, hace una semana constat\u00f3 que autores ignorados sustrajeron de campo propiedad ubicado en calle Laprida s\/n, en el cual solo posee sembrado de soja, un molino de viento.<\/p>\n","protected":false},"author":4,"featured_media":68060,"comment_status":"open","ping_status":"closed","sticky":false,"template":"","format":"standard","meta":{"om_disable_all_campaigns":false,"_jetpack_memberships_contains_paid_content":false,"footnotes":""},"categories":[2,103],"tags":[],"class_list":["post-69416","post","type-post","status-publish","format-standard","has-post-thumbnail","hentry","category-locales","category-policiales-locales"],"aioseo_notices":[],"gutentor_comment":0,"jetpack_featured_media_url":"https:\/\/eldiariodesanpedro.com.ar\/sitio\/wp-content\/uploads\/2020\/02\/18787987_1705911156091418_185261144_n_658x400.jpg","jetpack_shortlink":"https:\/\/wp.me\/p6RhLt-i3C","jetpack_sharing_enabled":true,"_links":{"self":[{"href":"https:\/\/eldiariodesanpedro.com.ar\/sitio\/wp-json\/wp\/v2\/posts\/69416","targetHints":{"allow":["GET"]}}],"collection":[{"href":"https:\/\/eldiariodesanpedro.com.ar\/sitio\/wp-json\/wp\/v2\/posts"}],"about":[{"href":"https:\/\/eldiariodesanpedro.com.ar\/sitio\/wp-json\/wp\/v2\/types\/post"}],"author":[{"embeddable":true,"href":"https:\/\/eldiariodesanpedro.com.ar\/sitio\/wp-json\/wp\/v2\/users\/4"}],"replies":[{"embeddable":true,"href":"https:\/\/eldiariodesanpedro.com.ar\/sitio\/wp-json\/wp\/v2\/comments?post=69416"}],"version-history":[{"count":1,"href":"https:\/\/eldiariodesanpedro.com.ar\/sitio\/wp-json\/wp\/v2\/posts\/69416\/revisions"}],"predecessor-version":[{"id":69417,"href":"https:\/\/eldiariodesanpedro.com.ar\/sitio\/wp-json\/wp\/v2\/posts\/69416\/revisions\/69417"}],"wp:featuredmedia":[{"embeddable":true,"href":"https:\/\/eldiariodesanpedro.com.ar\/sitio\/wp-json\/wp\/v2\/media\/68060"}],"wp:attachment":[{"href":"https:\/\/eldiariodesanpedro.com.ar\/sitio\/wp-json\/wp\/v2\/media?parent=69416"}],"wp:term":[{"taxonomy":"category","embeddable":true,"href":"https:\/\/eldiariodesanpedro.com.ar\/sitio\/wp-json\/wp\/v2\/categories?post=69416"},{"taxonomy":"post_tag","embeddable":true,"href":"https:\/\/eldiariodesanpedro.com.ar\/sitio\/wp-json\/wp\/v2\/tags?post=69416"}],"curies":[{"name":"wp","href":"https:\/\/api.w.org\/{rel}","templated":true}]}}