{"id":69414,"date":"2020-02-27T11:50:50","date_gmt":"2020-02-27T14:50:50","guid":{"rendered":"https:\/\/eldiariodesanpedro.com.ar\/sitio\/?p=69414"},"modified":"2020-02-27T11:50:56","modified_gmt":"2020-02-27T14:50:56","slug":"denuncias-por-amenazas-y-lesiones","status":"publish","type":"post","link":"https:\/\/eldiariodesanpedro.com.ar\/sitio\/denuncias-por-amenazas-y-lesiones\/","title":{"rendered":"Denuncias por amenazas y lesiones"},"content":{"rendered":"<!-- VideographyWP Plugin Message: Automatic video embedding prevented by plugin options. -->\n\n<p>Como ya es algo habitual en la comisar\u00eda local de nuestra ciudad se recibi\u00f3 una denuncia por amenazas.<\/p>\n\n\n\n<p>En esta ocasi\u00f3n un hombre mayor de edad se tuvo que hacer presente par denunciar a su vecina quien el pasado domingo realiz\u00f3 varias agresiones verbales en las cuales incluy\u00f3 amenazas de muerte hacia la esposa del denunciante y sus hijos. Segun se pudo constatar los problemas serian de larga data.<\/p>\n\n\n\n<p>Tambi\u00e9n otra ciudadana mayor de edad, que este mi\u00e9rcoles se encontraba fuera de su domicilio ubicado en calle Bottaro junto a su familia, cuando se hace presente masculino vecino con quien tiene conflicto de larga data, quien le refiere amenazas de muerte y con un bast\u00f3n de madera agrede a familiares de la mujer provocando lesiones leves.<\/p>\n","protected":false},"excerpt":{"rendered":"<p>Como ya es algo habitual en la comisar\u00eda local de nuestra ciudad se recibi\u00f3 una denuncia por amenazas. En esta ocasi\u00f3n un hombre mayor de edad se tuvo que hacer presente par denunciar a su vecina quien el pasado domingo realiz\u00f3 varias agresiones verbales en las cuales incluy\u00f3 amenazas de muerte hacia la esposa del [&hellip;]<\/p>\n","protected":false},"author":4,"featured_media":45394,"comment_status":"open","ping_status":"closed","sticky":false,"template":"","format":"standard","meta":{"om_disable_all_campaigns":false,"_jetpack_memberships_contains_paid_content":false,"footnotes":""},"categories":[2,103],"tags":[],"class_list":["post-69414","post","type-post","status-publish","format-standard","has-post-thumbnail","hentry","category-locales","category-policiales-locales"],"aioseo_notices":[],"gutentor_comment":0,"jetpack_featured_media_url":"https:\/\/eldiariodesanpedro.com.ar\/sitio\/wp-content\/uploads\/2019\/01\/comisaria.jpg","jetpack_shortlink":"https:\/\/wp.me\/p6RhLt-i3A","jetpack_sharing_enabled":true,"_links":{"self":[{"href":"https:\/\/eldiariodesanpedro.com.ar\/sitio\/wp-json\/wp\/v2\/posts\/69414","targetHints":{"allow":["GET"]}}],"collection":[{"href":"https:\/\/eldiariodesanpedro.com.ar\/sitio\/wp-json\/wp\/v2\/posts"}],"about":[{"href":"https:\/\/eldiariodesanpedro.com.ar\/sitio\/wp-json\/wp\/v2\/types\/post"}],"author":[{"embeddable":true,"href":"https:\/\/eldiariodesanpedro.com.ar\/sitio\/wp-json\/wp\/v2\/users\/4"}],"replies":[{"embeddable":true,"href":"https:\/\/eldiariodesanpedro.com.ar\/sitio\/wp-json\/wp\/v2\/comments?post=69414"}],"version-history":[{"count":1,"href":"https:\/\/eldiariodesanpedro.com.ar\/sitio\/wp-json\/wp\/v2\/posts\/69414\/revisions"}],"predecessor-version":[{"id":69415,"href":"https:\/\/eldiariodesanpedro.com.ar\/sitio\/wp-json\/wp\/v2\/posts\/69414\/revisions\/69415"}],"wp:featuredmedia":[{"embeddable":true,"href":"https:\/\/eldiariodesanpedro.com.ar\/sitio\/wp-json\/wp\/v2\/media\/45394"}],"wp:attachment":[{"href":"https:\/\/eldiariodesanpedro.com.ar\/sitio\/wp-json\/wp\/v2\/media?parent=69414"}],"wp:term":[{"taxonomy":"category","embeddable":true,"href":"https:\/\/eldiariodesanpedro.com.ar\/sitio\/wp-json\/wp\/v2\/categories?post=69414"},{"taxonomy":"post_tag","embeddable":true,"href":"https:\/\/eldiariodesanpedro.com.ar\/sitio\/wp-json\/wp\/v2\/tags?post=69414"}],"curies":[{"name":"wp","href":"https:\/\/api.w.org\/{rel}","templated":true}]}}