{"id":69411,"date":"2020-02-27T11:49:40","date_gmt":"2020-02-27T14:49:40","guid":{"rendered":"https:\/\/eldiariodesanpedro.com.ar\/sitio\/?p=69411"},"modified":"2020-02-27T11:49:46","modified_gmt":"2020-02-27T14:49:46","slug":"clausura-de-una-despensa","status":"publish","type":"post","link":"https:\/\/eldiariodesanpedro.com.ar\/sitio\/clausura-de-una-despensa\/","title":{"rendered":"Clausura de una despensa"},"content":{"rendered":"<!-- VideographyWP Plugin Message: Automatic video embedding prevented by plugin options. -->\n\n<p>Se realiz\u00f3 la clausura de un local comercial por falta de habilitaci\u00f3n para ejercer la venta.<\/p>\n\n\n\n<p>El pasado mi\u00e9rcoles el personal de Inspecci\u00f3n de la municipalidad en conjunto con personal policial proceden a la clausura de local perteneciente al rubro despensa ubicado sobre calle Mart\u00edn Fierro al 700.&nbsp;<\/p>\n\n\n\n<p>La propietaria identificada como una ciudadan de a\u00f1os, fue sancionada por no tener la habilitaci\u00f3n comercial pese a estar notificada oportunamente de ponerse a derecho.<\/p>\n\n\n\n<p>Imagen Ilustrativa<\/p>\n","protected":false},"excerpt":{"rendered":"<p>Se realiz\u00f3 la clausura de un local comercial por falta de habilitaci\u00f3n para ejercer la venta. El pasado mi\u00e9rcoles el personal de Inspecci\u00f3n de la municipalidad en conjunto con personal policial proceden a la clausura de local perteneciente al rubro despensa ubicado sobre calle Mart\u00edn Fierro al 700.&nbsp; La propietaria identificada como una ciudadan de [&hellip;]<\/p>\n","protected":false},"author":4,"featured_media":69412,"comment_status":"open","ping_status":"closed","sticky":false,"template":"","format":"standard","meta":{"om_disable_all_campaigns":false,"_jetpack_memberships_contains_paid_content":false,"footnotes":""},"categories":[2,103],"tags":[],"class_list":["post-69411","post","type-post","status-publish","format-standard","has-post-thumbnail","hentry","category-locales","category-policiales-locales"],"aioseo_notices":[],"gutentor_comment":0,"jetpack_featured_media_url":"https:\/\/eldiariodesanpedro.com.ar\/sitio\/wp-content\/uploads\/2020\/02\/0000709207.jpg","jetpack_shortlink":"https:\/\/wp.me\/p6RhLt-i3x","jetpack_sharing_enabled":true,"_links":{"self":[{"href":"https:\/\/eldiariodesanpedro.com.ar\/sitio\/wp-json\/wp\/v2\/posts\/69411","targetHints":{"allow":["GET"]}}],"collection":[{"href":"https:\/\/eldiariodesanpedro.com.ar\/sitio\/wp-json\/wp\/v2\/posts"}],"about":[{"href":"https:\/\/eldiariodesanpedro.com.ar\/sitio\/wp-json\/wp\/v2\/types\/post"}],"author":[{"embeddable":true,"href":"https:\/\/eldiariodesanpedro.com.ar\/sitio\/wp-json\/wp\/v2\/users\/4"}],"replies":[{"embeddable":true,"href":"https:\/\/eldiariodesanpedro.com.ar\/sitio\/wp-json\/wp\/v2\/comments?post=69411"}],"version-history":[{"count":1,"href":"https:\/\/eldiariodesanpedro.com.ar\/sitio\/wp-json\/wp\/v2\/posts\/69411\/revisions"}],"predecessor-version":[{"id":69413,"href":"https:\/\/eldiariodesanpedro.com.ar\/sitio\/wp-json\/wp\/v2\/posts\/69411\/revisions\/69413"}],"wp:featuredmedia":[{"embeddable":true,"href":"https:\/\/eldiariodesanpedro.com.ar\/sitio\/wp-json\/wp\/v2\/media\/69412"}],"wp:attachment":[{"href":"https:\/\/eldiariodesanpedro.com.ar\/sitio\/wp-json\/wp\/v2\/media?parent=69411"}],"wp:term":[{"taxonomy":"category","embeddable":true,"href":"https:\/\/eldiariodesanpedro.com.ar\/sitio\/wp-json\/wp\/v2\/categories?post=69411"},{"taxonomy":"post_tag","embeddable":true,"href":"https:\/\/eldiariodesanpedro.com.ar\/sitio\/wp-json\/wp\/v2\/tags?post=69411"}],"curies":[{"name":"wp","href":"https:\/\/api.w.org\/{rel}","templated":true}]}}