{"id":69408,"date":"2020-02-27T11:47:44","date_gmt":"2020-02-27T14:47:44","guid":{"rendered":"https:\/\/eldiariodesanpedro.com.ar\/sitio\/?p=69408"},"modified":"2020-02-27T11:47:49","modified_gmt":"2020-02-27T14:47:49","slug":"un-joven-es-buscado-por-ausentarse-de-los-naranjos","status":"publish","type":"post","link":"https:\/\/eldiariodesanpedro.com.ar\/sitio\/un-joven-es-buscado-por-ausentarse-de-los-naranjos\/","title":{"rendered":"Un joven es buscado por ausentarse de Los Naranjos"},"content":{"rendered":"<!-- VideographyWP Plugin Message: Automatic video embedding prevented by plugin options. -->\n\n<p>Este mi\u00e9rcoles se iniciaron actuaciones de oficio ra\u00edz haberse tomado conocimiento por parte empleado administrativo de la Comunidad Abierta Terap\u00e9utica Los Naranjos ubicada en calle Pueyrred\u00f3n al 1634 que hizo abandono voluntario del tratamiento que estaba llevando a cabo desde el pasado 06 de enero de 2020, en esa comunidad por disposici\u00f3n de Zonal Olavarr\u00eda, el joven quien resulta ser de 17 a\u00f1os de edad, vistiendo al momento de su ausencia\u00a0 remera de club river, bermuda de jeans, zapatillas deportivas grises, se procedi\u00f3 de inmediato a realizar protocolo preventivo de b\u00fasqueda.\u00a0<\/p>\n","protected":false},"excerpt":{"rendered":"<p>Este mi\u00e9rcoles se iniciaron actuaciones de oficio ra\u00edz haberse tomado conocimiento por parte empleado administrativo de la Comunidad Abierta Terap\u00e9utica Los Naranjos ubicada en calle Pueyrred\u00f3n al 1634 que hizo abandono voluntario del tratamiento que estaba llevando a cabo desde el pasado 06 de enero de 2020, en esa comunidad por disposici\u00f3n de Zonal Olavarr\u00eda, [&hellip;]<\/p>\n","protected":false},"author":4,"featured_media":69409,"comment_status":"open","ping_status":"closed","sticky":false,"template":"","format":"standard","meta":{"om_disable_all_campaigns":false,"_jetpack_memberships_contains_paid_content":false,"footnotes":""},"categories":[2,103],"tags":[],"class_list":["post-69408","post","type-post","status-publish","format-standard","has-post-thumbnail","hentry","category-locales","category-policiales-locales"],"aioseo_notices":[],"gutentor_comment":0,"jetpack_featured_media_url":"https:\/\/eldiariodesanpedro.com.ar\/sitio\/wp-content\/uploads\/2020\/02\/joven-buscado.jpg","jetpack_shortlink":"https:\/\/wp.me\/p6RhLt-i3u","jetpack_sharing_enabled":true,"_links":{"self":[{"href":"https:\/\/eldiariodesanpedro.com.ar\/sitio\/wp-json\/wp\/v2\/posts\/69408","targetHints":{"allow":["GET"]}}],"collection":[{"href":"https:\/\/eldiariodesanpedro.com.ar\/sitio\/wp-json\/wp\/v2\/posts"}],"about":[{"href":"https:\/\/eldiariodesanpedro.com.ar\/sitio\/wp-json\/wp\/v2\/types\/post"}],"author":[{"embeddable":true,"href":"https:\/\/eldiariodesanpedro.com.ar\/sitio\/wp-json\/wp\/v2\/users\/4"}],"replies":[{"embeddable":true,"href":"https:\/\/eldiariodesanpedro.com.ar\/sitio\/wp-json\/wp\/v2\/comments?post=69408"}],"version-history":[{"count":1,"href":"https:\/\/eldiariodesanpedro.com.ar\/sitio\/wp-json\/wp\/v2\/posts\/69408\/revisions"}],"predecessor-version":[{"id":69410,"href":"https:\/\/eldiariodesanpedro.com.ar\/sitio\/wp-json\/wp\/v2\/posts\/69408\/revisions\/69410"}],"wp:featuredmedia":[{"embeddable":true,"href":"https:\/\/eldiariodesanpedro.com.ar\/sitio\/wp-json\/wp\/v2\/media\/69409"}],"wp:attachment":[{"href":"https:\/\/eldiariodesanpedro.com.ar\/sitio\/wp-json\/wp\/v2\/media?parent=69408"}],"wp:term":[{"taxonomy":"category","embeddable":true,"href":"https:\/\/eldiariodesanpedro.com.ar\/sitio\/wp-json\/wp\/v2\/categories?post=69408"},{"taxonomy":"post_tag","embeddable":true,"href":"https:\/\/eldiariodesanpedro.com.ar\/sitio\/wp-json\/wp\/v2\/tags?post=69408"}],"curies":[{"name":"wp","href":"https:\/\/api.w.org\/{rel}","templated":true}]}}