{"id":69404,"date":"2020-02-27T10:45:37","date_gmt":"2020-02-27T13:45:37","guid":{"rendered":"https:\/\/eldiariodesanpedro.com.ar\/sitio\/?p=69404"},"modified":"2020-02-27T10:50:02","modified_gmt":"2020-02-27T13:50:02","slug":"actividades-por-los-10-anos-del-museo-buque-ara-general-irigoyen","status":"publish","type":"post","link":"https:\/\/eldiariodesanpedro.com.ar\/sitio\/actividades-por-los-10-anos-del-museo-buque-ara-general-irigoyen\/","title":{"rendered":"Actividades por los 10 a\u00f1os del Museo Buque ARA General Irigoyen"},"content":{"rendered":"<!-- VideographyWP Plugin Message: Automatic video embedding prevented by plugin options. -->\n\n<p> Desde la Municipalidad de San Pedro los invitamos a participar de las actividades por la celebraci\u00f3n del 10\u00b0 aniversario del Museo Buque ARA General Irigoyen.<\/p>\n\n\n\n<p>Este viernes a las 10 hs, se llevar\u00e1 a cabo la apertura de la sala en homenaje a los 44 tripulantes del ARA San Juan, y a las 20 hs en la Peatonal del Centenario, se realizar\u00e1 la presentaci\u00f3n de la Banda del Instituto de Formaci\u00f3n de la Prefectura Naval Argentina.<\/p>\n\n\n\n<p>Adem\u00e1s, recordamos que del 22 al 28 de febrero pueden disfrutar de la Exposici\u00f3n de Fotos \u201cLos primeros puertos de San Pedro\u201d. <\/p>\n\n\n\n<figure class=\"wp-block-image size-large\"><img decoding=\"async\" width=\"1280\" height=\"908\" data-attachment-id=\"69406\" data-permalink=\"https:\/\/eldiariodesanpedro.com.ar\/sitio\/actividades-por-los-10-anos-del-museo-buque-ara-general-irigoyen\/outlook-5ha5oywt\/\" data-orig-file=\"https:\/\/eldiariodesanpedro.com.ar\/sitio\/wp-content\/uploads\/2020\/02\/Outlook-5ha5oywt.png\" data-orig-size=\"1280,908\" data-comments-opened=\"1\" data-image-meta=\"{&quot;aperture&quot;:&quot;0&quot;,&quot;credit&quot;:&quot;&quot;,&quot;camera&quot;:&quot;&quot;,&quot;caption&quot;:&quot;&quot;,&quot;created_timestamp&quot;:&quot;0&quot;,&quot;copyright&quot;:&quot;&quot;,&quot;focal_length&quot;:&quot;0&quot;,&quot;iso&quot;:&quot;0&quot;,&quot;shutter_speed&quot;:&quot;0&quot;,&quot;title&quot;:&quot;&quot;,&quot;orientation&quot;:&quot;0&quot;}\" data-image-title=\"Outlook-5ha5oywt\" data-image-description=\"\" data-image-caption=\"\" data-large-file=\"https:\/\/eldiariodesanpedro.com.ar\/sitio\/wp-content\/uploads\/2020\/02\/Outlook-5ha5oywt-1024x726.png\" data-src=\"https:\/\/i1.wp.com\/eldiariodesanpedro.com.ar\/sitio\/wp-content\/uploads\/2020\/02\/Outlook-5ha5oywt.png?fit=640%2C454\" alt=\"\" class=\"wp-image-69406 lazyload\" data-srcset=\"https:\/\/eldiariodesanpedro.com.ar\/sitio\/wp-content\/uploads\/2020\/02\/Outlook-5ha5oywt.png 1280w, https:\/\/eldiariodesanpedro.com.ar\/sitio\/wp-content\/uploads\/2020\/02\/Outlook-5ha5oywt-300x213.png 300w, https:\/\/eldiariodesanpedro.com.ar\/sitio\/wp-content\/uploads\/2020\/02\/Outlook-5ha5oywt-1024x726.png 1024w, https:\/\/eldiariodesanpedro.com.ar\/sitio\/wp-content\/uploads\/2020\/02\/Outlook-5ha5oywt-768x545.png 768w\" data-sizes=\"(max-width: 1280px) 100vw, 1280px\" src=\"data:image\/svg+xml;base64,PHN2ZyB3aWR0aD0iMSIgaGVpZ2h0PSIxIiB4bWxucz0iaHR0cDovL3d3dy53My5vcmcvMjAwMC9zdmciPjwvc3ZnPg==\" style=\"--smush-placeholder-width: 1280px; --smush-placeholder-aspect-ratio: 1280\/908;\" \/><\/figure>\n","protected":false},"excerpt":{"rendered":"<p>Desde la Municipalidad de San Pedro los invitamos a participar de las actividades por la celebraci\u00f3n del 10\u00b0 aniversario del Museo Buque ARA General Irigoyen. Este viernes a las 10 hs, se llevar\u00e1 a cabo la apertura de la sala en homenaje a los 44 tripulantes del ARA San Juan, y a las 20 hs [&hellip;]<\/p>\n","protected":false},"author":4,"featured_media":69405,"comment_status":"open","ping_status":"closed","sticky":false,"template":"","format":"standard","meta":{"om_disable_all_campaigns":false,"_jetpack_memberships_contains_paid_content":false,"footnotes":""},"categories":[101,2],"tags":[],"class_list":["post-69404","post","type-post","status-publish","format-standard","has-post-thumbnail","hentry","category-interes-general-locales","category-locales"],"aioseo_notices":[],"gutentor_comment":0,"jetpack_featured_media_url":"https:\/\/eldiariodesanpedro.com.ar\/sitio\/wp-content\/uploads\/2020\/02\/Museo-Gral-Irigoyen-San-Pedro-7.jpg","jetpack_shortlink":"https:\/\/wp.me\/p6RhLt-i3q","jetpack_sharing_enabled":true,"_links":{"self":[{"href":"https:\/\/eldiariodesanpedro.com.ar\/sitio\/wp-json\/wp\/v2\/posts\/69404","targetHints":{"allow":["GET"]}}],"collection":[{"href":"https:\/\/eldiariodesanpedro.com.ar\/sitio\/wp-json\/wp\/v2\/posts"}],"about":[{"href":"https:\/\/eldiariodesanpedro.com.ar\/sitio\/wp-json\/wp\/v2\/types\/post"}],"author":[{"embeddable":true,"href":"https:\/\/eldiariodesanpedro.com.ar\/sitio\/wp-json\/wp\/v2\/users\/4"}],"replies":[{"embeddable":true,"href":"https:\/\/eldiariodesanpedro.com.ar\/sitio\/wp-json\/wp\/v2\/comments?post=69404"}],"version-history":[{"count":1,"href":"https:\/\/eldiariodesanpedro.com.ar\/sitio\/wp-json\/wp\/v2\/posts\/69404\/revisions"}],"predecessor-version":[{"id":69407,"href":"https:\/\/eldiariodesanpedro.com.ar\/sitio\/wp-json\/wp\/v2\/posts\/69404\/revisions\/69407"}],"wp:featuredmedia":[{"embeddable":true,"href":"https:\/\/eldiariodesanpedro.com.ar\/sitio\/wp-json\/wp\/v2\/media\/69405"}],"wp:attachment":[{"href":"https:\/\/eldiariodesanpedro.com.ar\/sitio\/wp-json\/wp\/v2\/media?parent=69404"}],"wp:term":[{"taxonomy":"category","embeddable":true,"href":"https:\/\/eldiariodesanpedro.com.ar\/sitio\/wp-json\/wp\/v2\/categories?post=69404"},{"taxonomy":"post_tag","embeddable":true,"href":"https:\/\/eldiariodesanpedro.com.ar\/sitio\/wp-json\/wp\/v2\/tags?post=69404"}],"curies":[{"name":"wp","href":"https:\/\/api.w.org\/{rel}","templated":true}]}}