{"id":69401,"date":"2020-02-27T10:38:18","date_gmt":"2020-02-27T13:38:18","guid":{"rendered":"https:\/\/eldiariodesanpedro.com.ar\/sitio\/?p=69401"},"modified":"2020-02-27T10:38:18","modified_gmt":"2020-02-27T13:38:18","slug":"baradero-un-detenido-con-elementos-robados-dos-allanamientos-con-resultado-negativo-y-un-pedido-de-captura","status":"publish","type":"post","link":"https:\/\/eldiariodesanpedro.com.ar\/sitio\/baradero-un-detenido-con-elementos-robados-dos-allanamientos-con-resultado-negativo-y-un-pedido-de-captura\/","title":{"rendered":"BARADERO | Un detenido con elementos robados, dos allanamientos con resultado negativo y un pedido de captura"},"content":{"rendered":"<!-- VideographyWP Plugin Message: Automatic video embedding prevented by plugin options. -->\n\n<p>Esos fueron los hechos informados por el Subcomisario Fabi\u00e1n Duarte. Los mismos tuvieron lugar entre la tarde del martes y las primeras horas del mi\u00e9rcoles.<\/p>\n\n\n\n<p>Los allanamientos fueron dos pero ambos arrojaron resultado negativo. Fueron en Mitre al 2000 y en Oro al 1200.<\/p>\n\n\n\n<p>Los procedimientos es en el marco investigativo tras los robos ocurridos en Carrasco al 600 y Lino Pi\u00f1eiro casi Oroarque.<\/p>\n\n\n\n<p>HURTO: D\u00eda 25 cte., personal esta, en Ayacucho y Roca esta, inmediaciones v\u00edas f\u00e9rreas, aprehende a masculino mayor de edad, secuestrando TV 47\u201d, Microondas y pava electrica que fueron sustra\u00eddos momentos antes de vivienda sita en Marmol al 200.- Interviene UFI N\u00b0 8 Baradero.-<\/p>\n\n\n\n<p>CAPTURA ACTIVA: D\u00eda 25 cte., personal \u00e9sta, en San Mart\u00edn y Malabiaesta, aprehende a masculino mayor de edad, qui\u00e9n posee PEDIDO CAPTURA ACTIVA a requerimiento Juzg. Paz Contravenci\u00f3nal Posadas Misiones con fecha 23\/11\/2018 car\u00e1tula Inf. Ley XIV Nro. 5 Prov. misiones.- Secretaria turno dispuso Not. Primera audiencia, posterior libertad<\/p>\n","protected":false},"excerpt":{"rendered":"<p>Esos fueron los hechos informados por el Subcomisario Fabi\u00e1n Duarte. Los mismos tuvieron lugar entre la tarde del martes y las primeras horas del mi\u00e9rcoles. Los allanamientos fueron dos pero ambos arrojaron resultado negativo. Fueron en Mitre al 2000 y en Oro al 1200. Los procedimientos es en el marco investigativo tras los robos ocurridos [&hellip;]<\/p>\n","protected":false},"author":4,"featured_media":69402,"comment_status":"open","ping_status":"closed","sticky":false,"template":"","format":"standard","meta":{"om_disable_all_campaigns":false,"_jetpack_memberships_contains_paid_content":false,"footnotes":""},"categories":[621],"tags":[],"class_list":["post-69401","post","type-post","status-publish","format-standard","has-post-thumbnail","hentry","category-regionales"],"aioseo_notices":[],"gutentor_comment":0,"jetpack_featured_media_url":"https:\/\/eldiariodesanpedro.com.ar\/sitio\/wp-content\/uploads\/2020\/02\/LogoLicious_20180202_105445.jpg","jetpack_shortlink":"https:\/\/wp.me\/p6RhLt-i3n","jetpack_sharing_enabled":true,"_links":{"self":[{"href":"https:\/\/eldiariodesanpedro.com.ar\/sitio\/wp-json\/wp\/v2\/posts\/69401","targetHints":{"allow":["GET"]}}],"collection":[{"href":"https:\/\/eldiariodesanpedro.com.ar\/sitio\/wp-json\/wp\/v2\/posts"}],"about":[{"href":"https:\/\/eldiariodesanpedro.com.ar\/sitio\/wp-json\/wp\/v2\/types\/post"}],"author":[{"embeddable":true,"href":"https:\/\/eldiariodesanpedro.com.ar\/sitio\/wp-json\/wp\/v2\/users\/4"}],"replies":[{"embeddable":true,"href":"https:\/\/eldiariodesanpedro.com.ar\/sitio\/wp-json\/wp\/v2\/comments?post=69401"}],"version-history":[{"count":1,"href":"https:\/\/eldiariodesanpedro.com.ar\/sitio\/wp-json\/wp\/v2\/posts\/69401\/revisions"}],"predecessor-version":[{"id":69403,"href":"https:\/\/eldiariodesanpedro.com.ar\/sitio\/wp-json\/wp\/v2\/posts\/69401\/revisions\/69403"}],"wp:featuredmedia":[{"embeddable":true,"href":"https:\/\/eldiariodesanpedro.com.ar\/sitio\/wp-json\/wp\/v2\/media\/69402"}],"wp:attachment":[{"href":"https:\/\/eldiariodesanpedro.com.ar\/sitio\/wp-json\/wp\/v2\/media?parent=69401"}],"wp:term":[{"taxonomy":"category","embeddable":true,"href":"https:\/\/eldiariodesanpedro.com.ar\/sitio\/wp-json\/wp\/v2\/categories?post=69401"},{"taxonomy":"post_tag","embeddable":true,"href":"https:\/\/eldiariodesanpedro.com.ar\/sitio\/wp-json\/wp\/v2\/tags?post=69401"}],"curies":[{"name":"wp","href":"https:\/\/api.w.org\/{rel}","templated":true}]}}