{"id":69398,"date":"2020-02-27T10:36:03","date_gmt":"2020-02-27T13:36:03","guid":{"rendered":"https:\/\/eldiariodesanpedro.com.ar\/sitio\/?p=69398"},"modified":"2020-02-27T10:36:10","modified_gmt":"2020-02-27T13:36:10","slug":"ramallo-bomberos-de-perez-millan-suma-nuevos-equipos","status":"publish","type":"post","link":"https:\/\/eldiariodesanpedro.com.ar\/sitio\/ramallo-bomberos-de-perez-millan-suma-nuevos-equipos\/","title":{"rendered":"RAMALLO | Bomberos de P\u00e9rez Mill\u00e1n suma nuevos equipos"},"content":{"rendered":"<!-- VideographyWP Plugin Message: Automatic video embedding prevented by plugin options. -->\n\n<p>Se trata de un equipo de corte Holmatro para siniestros viales y el cami\u00f3n es un Volvo, autom\u00e1tico,doble cabina, con un tanque de 1800 litros de agua, con una bomba Godiva.<\/p>\n\n\n\n<p>Su funci\u00f3n principal ser\u00e1 como m\u00f3vil de primera salida.<\/p>\n\n\n\n<p>Desde la Administraci\u00f3n\u00a0 de Bomberos Voluntarios de P\u00e9rez Mill\u00e1n agradecieron\u00a0 la presencia del intendente\u00a0<strong>Gustavo Perie<\/strong>,\u00a0 concejales y dem\u00e1s funcionarios, como a\u00a0 la comunidad en general por estar all\u00ed.<\/p>\n\n\n\n<p>Fuente: Ramallo Ciudad <\/p>\n","protected":false},"excerpt":{"rendered":"<p>Se trata de un equipo de corte Holmatro para siniestros viales y el cami\u00f3n es un Volvo, autom\u00e1tico,doble cabina, con un tanque de 1800 litros de agua, con una bomba Godiva. Su funci\u00f3n principal ser\u00e1 como m\u00f3vil de primera salida. Desde la Administraci\u00f3n\u00a0 de Bomberos Voluntarios de P\u00e9rez Mill\u00e1n agradecieron\u00a0 la presencia del intendente\u00a0Gustavo Perie,\u00a0 [&hellip;]<\/p>\n","protected":false},"author":4,"featured_media":69399,"comment_status":"open","ping_status":"closed","sticky":false,"template":"","format":"standard","meta":{"om_disable_all_campaigns":false,"_jetpack_memberships_contains_paid_content":false,"footnotes":""},"categories":[621],"tags":[],"class_list":["post-69398","post","type-post","status-publish","format-standard","has-post-thumbnail","hentry","category-regionales"],"aioseo_notices":[],"gutentor_comment":0,"jetpack_featured_media_url":"https:\/\/eldiariodesanpedro.com.ar\/sitio\/wp-content\/uploads\/2020\/02\/bbx_695010213_1_bomberos.jpg","jetpack_shortlink":"https:\/\/wp.me\/p6RhLt-i3k","jetpack_sharing_enabled":true,"_links":{"self":[{"href":"https:\/\/eldiariodesanpedro.com.ar\/sitio\/wp-json\/wp\/v2\/posts\/69398","targetHints":{"allow":["GET"]}}],"collection":[{"href":"https:\/\/eldiariodesanpedro.com.ar\/sitio\/wp-json\/wp\/v2\/posts"}],"about":[{"href":"https:\/\/eldiariodesanpedro.com.ar\/sitio\/wp-json\/wp\/v2\/types\/post"}],"author":[{"embeddable":true,"href":"https:\/\/eldiariodesanpedro.com.ar\/sitio\/wp-json\/wp\/v2\/users\/4"}],"replies":[{"embeddable":true,"href":"https:\/\/eldiariodesanpedro.com.ar\/sitio\/wp-json\/wp\/v2\/comments?post=69398"}],"version-history":[{"count":1,"href":"https:\/\/eldiariodesanpedro.com.ar\/sitio\/wp-json\/wp\/v2\/posts\/69398\/revisions"}],"predecessor-version":[{"id":69400,"href":"https:\/\/eldiariodesanpedro.com.ar\/sitio\/wp-json\/wp\/v2\/posts\/69398\/revisions\/69400"}],"wp:featuredmedia":[{"embeddable":true,"href":"https:\/\/eldiariodesanpedro.com.ar\/sitio\/wp-json\/wp\/v2\/media\/69399"}],"wp:attachment":[{"href":"https:\/\/eldiariodesanpedro.com.ar\/sitio\/wp-json\/wp\/v2\/media?parent=69398"}],"wp:term":[{"taxonomy":"category","embeddable":true,"href":"https:\/\/eldiariodesanpedro.com.ar\/sitio\/wp-json\/wp\/v2\/categories?post=69398"},{"taxonomy":"post_tag","embeddable":true,"href":"https:\/\/eldiariodesanpedro.com.ar\/sitio\/wp-json\/wp\/v2\/tags?post=69398"}],"curies":[{"name":"wp","href":"https:\/\/api.w.org\/{rel}","templated":true}]}}