{"id":69395,"date":"2020-02-27T10:34:23","date_gmt":"2020-02-27T13:34:23","guid":{"rendered":"https:\/\/eldiariodesanpedro.com.ar\/sitio\/?p=69395"},"modified":"2020-02-27T10:34:23","modified_gmt":"2020-02-27T13:34:23","slug":"ramallo-perie-esto-de-tomar-trabajadores-porque-si-no-es-nuestra-politica","status":"publish","type":"post","link":"https:\/\/eldiariodesanpedro.com.ar\/sitio\/ramallo-perie-esto-de-tomar-trabajadores-porque-si-no-es-nuestra-politica\/","title":{"rendered":"RAMALLO | Perie: \u201cEsto de tomar trabajadores porque s\u00ed no es nuestra pol\u00edtica\u201d"},"content":{"rendered":"<!-- VideographyWP Plugin Message: Automatic video embedding prevented by plugin options. -->\n\n<p>El intendente Gustavo Perie se refiri\u00f3 a la decisi\u00f3n de no asistir a la audiencia en el Ministerio de Trabajo por los 45 despedidos del municipio. Sostuvo que \u201cel viernes recibimos la notificaci\u00f3n, unas 48hs antes, desde el vamos la nota viene mal redactada, porque no me citan, sino que me invitan a una reuni\u00f3n para tratar estos temas. La respuesta escrita que dimos, que es un documento v\u00e1lido, est\u00e1 a la clara explicado que paso con estos agentes. Dejamos bien asentando que no hay despidos, que se termina un periodo de trabajo y nosotros tenemos la facultad de renovarlo o no\u201d.<\/p>\n\n\n\n<p> \u201cNosotros queremos defender al trabajador, pero con todas las condiciones que eso conlleva. No tener los agentes por tenerlos, si no hay una actividad para realizar\u201d, explic\u00f3 el intendente.<\/p>\n\n\n\n<p> Tambi\u00e9n aclar\u00f3 que los trabajadores cesanteados podr\u00e1n ser convocados nuevamente, \u201ccuando nosotros llegamos estos trabajadores no ten\u00edan un decreto respaldatorio y nosotros los hemos sostenidos. Son trabajadores que ya tienen un legajo preestablecido, y cuando el municipio los necesite podr\u00e1n retomar las tareas, dentro de una actividad que la comunidad lo requiera\u201d, sostuvo.<\/p>\n\n\n\n<p> Le\u00e9 tambi\u00e9n \u201cEl planteo de ATE resulta inadmisible e improcedente\u201d Sobre la estabilidad laboral de los trabajadores que no llegan al a\u00f1o de contrato, Perie dijo que \u201cestamos trabajando en la franja de temporarios que no tienen estabilidad, que est\u00e1n por debajo del a\u00f1o de antig\u00fcedad. Hoy tenemos m\u00e1s de 146 trabajadores en planta temporaria, y nosotros queremos ser justos y darles una actividad para hacer. Esto de tomar trabajadores por tomar no es nuestra pol\u00edtica\u201d.<\/p>\n\n\n\n<p> Y advirti\u00f3: \u201ceste programa de barrido, una vez que comiencen a funcionar nuevamente las barredoras va a tener un fin. Creemos que son situaciones l\u00f3gicas, y que nosotros en esta din\u00e1mica de defender por defender es un error. Estos vecinos van a tener la posibilidad de volver a reintegrarse al municipio cuando los necesite\u201d.<\/p>\n\n\n\n<p>Consultado sobre las persecuciones a empleados y la arbitrariedad de los despidos, Perie lo descarto de lleno. \u201cSi hay un gobierno que no persigui\u00f3 a los trabajadores fue el nuestro, el municipio continuo funcionando como estaba, hay empleados de otra l\u00ednea pol\u00edtica que est\u00e1 trabajando con nosotros. Distinto es si en gobiernos anteriores se aplicaban estas pr\u00e1cticas, pero no hay persecuci\u00f3n de ninguna manera\u201d, remarc\u00f3.<\/p>\n\n\n\n<p>Fuente: Ramallo Informa<\/p>\n","protected":false},"excerpt":{"rendered":"<p>El intendente Gustavo Perie se refiri\u00f3 a la decisi\u00f3n de no asistir a la audiencia en el Ministerio de Trabajo por los 45 despedidos del municipio. Sostuvo que \u201cel viernes recibimos la notificaci\u00f3n, unas 48hs antes, desde el vamos la nota viene mal redactada, porque no me citan, sino que me invitan a una reuni\u00f3n [&hellip;]<\/p>\n","protected":false},"author":4,"featured_media":69396,"comment_status":"open","ping_status":"closed","sticky":false,"template":"","format":"standard","meta":{"om_disable_all_campaigns":false,"_jetpack_memberships_contains_paid_content":false,"footnotes":""},"categories":[621],"tags":[],"class_list":["post-69395","post","type-post","status-publish","format-standard","has-post-thumbnail","hentry","category-regionales"],"aioseo_notices":[],"gutentor_comment":0,"jetpack_featured_media_url":"https:\/\/eldiariodesanpedro.com.ar\/sitio\/wp-content\/uploads\/2020\/02\/principal.jpg","jetpack_shortlink":"https:\/\/wp.me\/p6RhLt-i3h","jetpack_sharing_enabled":true,"_links":{"self":[{"href":"https:\/\/eldiariodesanpedro.com.ar\/sitio\/wp-json\/wp\/v2\/posts\/69395","targetHints":{"allow":["GET"]}}],"collection":[{"href":"https:\/\/eldiariodesanpedro.com.ar\/sitio\/wp-json\/wp\/v2\/posts"}],"about":[{"href":"https:\/\/eldiariodesanpedro.com.ar\/sitio\/wp-json\/wp\/v2\/types\/post"}],"author":[{"embeddable":true,"href":"https:\/\/eldiariodesanpedro.com.ar\/sitio\/wp-json\/wp\/v2\/users\/4"}],"replies":[{"embeddable":true,"href":"https:\/\/eldiariodesanpedro.com.ar\/sitio\/wp-json\/wp\/v2\/comments?post=69395"}],"version-history":[{"count":1,"href":"https:\/\/eldiariodesanpedro.com.ar\/sitio\/wp-json\/wp\/v2\/posts\/69395\/revisions"}],"predecessor-version":[{"id":69397,"href":"https:\/\/eldiariodesanpedro.com.ar\/sitio\/wp-json\/wp\/v2\/posts\/69395\/revisions\/69397"}],"wp:featuredmedia":[{"embeddable":true,"href":"https:\/\/eldiariodesanpedro.com.ar\/sitio\/wp-json\/wp\/v2\/media\/69396"}],"wp:attachment":[{"href":"https:\/\/eldiariodesanpedro.com.ar\/sitio\/wp-json\/wp\/v2\/media?parent=69395"}],"wp:term":[{"taxonomy":"category","embeddable":true,"href":"https:\/\/eldiariodesanpedro.com.ar\/sitio\/wp-json\/wp\/v2\/categories?post=69395"},{"taxonomy":"post_tag","embeddable":true,"href":"https:\/\/eldiariodesanpedro.com.ar\/sitio\/wp-json\/wp\/v2\/tags?post=69395"}],"curies":[{"name":"wp","href":"https:\/\/api.w.org\/{rel}","templated":true}]}}