{"id":69392,"date":"2020-02-27T10:28:57","date_gmt":"2020-02-27T13:28:57","guid":{"rendered":"https:\/\/eldiariodesanpedro.com.ar\/sitio\/?p=69392"},"modified":"2020-02-27T10:29:03","modified_gmt":"2020-02-27T13:29:03","slug":"campana-el-municipio-aclaro-que-no-existe-un-caso-de-coronavirus-en-la-ciudad","status":"publish","type":"post","link":"https:\/\/eldiariodesanpedro.com.ar\/sitio\/campana-el-municipio-aclaro-que-no-existe-un-caso-de-coronavirus-en-la-ciudad\/","title":{"rendered":"CAMPANA | El Municipio aclar\u00f3 que no existe un caso de coronavirus en la ciudad"},"content":{"rendered":"<!-- VideographyWP Plugin Message: Automatic video embedding prevented by plugin options. -->\n\n<p> Lo hizo tras la viralizaci\u00f3n de un falso mensaje que circul\u00f3 por WhatsApp que daba cuenta de un caso sospechoso en el hospital San Jos\u00e9. Adem\u00e1s, desde la Direcci\u00f3n del Hospital aseguraron que sancionar\u00e1n al personal que tenga este tipo de conductas irresponsables.<\/p>\n\n\n\n<p>\n\nTras la viralizaci\u00f3n de un falso mensaje por WhatsApp que daba cuenta de un caso de coronavirus en el hospital San Jos\u00e9, el Municipio aclar\u00f3 que no existe tal situaci\u00f3n y asegur\u00f3 que sancionar\u00e1 al personal que tenga este tipo de conductas irresponsables que generan miedo en la comunidad.<\/p>\n\n\n\n<p>En conferencia de prensa, la secretaria de Salud y Desarrollo Humano, Cecilia Acciardi, desminti\u00f3 categ\u00f3ricamente el hecho al tiempo que pidi\u00f3 calma y tranquilidad a la poblaci\u00f3n.<\/p>\n\n\n\n<p>\u00abLos vecinos deben saber que este tipo de informaci\u00f3n tiene que ser dada por funcionarios del \u00e1rea. Por lo que cualquier dato que surja desde otro lugar, no deben darle importancia\u00bb, agreg\u00f3 y enfatiz\u00f3 en la importancia de ser responsables en la informaci\u00f3n que circula para no generar preocupaci\u00f3n en la poblaci\u00f3n.<\/p>\n\n\n\n<p>Por ello, seg\u00fan se inform\u00f3, se sancionar\u00e1 al responsable de dicho audio que se tratar\u00eda de personal de seguridad del nosocomio.<\/p>\n\n\n\n<p>Sobre el falso caso, Acciardi detall\u00f3 que en realidad se trat\u00f3 de una mujer extranjera que ingres\u00f3 a la guardia del nosocomio local con un cuadro cl\u00ednico que nada tiene que ver con el coronavirus.<\/p>\n\n\n\n<p>\u00abCuando una persona que es ajena al personal de la Secretar\u00eda de Salud interpreta esa situaci\u00f3n como un caso de coronavirus que tanto se est\u00e1 hablando en los medios de comunicaci\u00f3n, genera miedo. Por eso, es importante tomar informaci\u00f3n de fuentes seguras brindadas por profesionales id\u00f3neos\u00bb, concluy\u00f3 la subsecretaria de Salud, Eleonora Penovi. <\/p>\n\n\n\n<p>Fuente: Campana Noticias<\/p>\n","protected":false},"excerpt":{"rendered":"<p>Lo hizo tras la viralizaci\u00f3n de un falso mensaje que circul\u00f3 por WhatsApp que daba cuenta de un caso sospechoso en el hospital San Jos\u00e9. Adem\u00e1s, desde la Direcci\u00f3n del Hospital aseguraron que sancionar\u00e1n al personal que tenga este tipo de conductas irresponsables. Tras la viralizaci\u00f3n de un falso mensaje por WhatsApp que daba cuenta [&hellip;]<\/p>\n","protected":false},"author":4,"featured_media":69393,"comment_status":"open","ping_status":"closed","sticky":false,"template":"","format":"standard","meta":{"om_disable_all_campaigns":false,"_jetpack_memberships_contains_paid_content":false,"footnotes":""},"categories":[621],"tags":[],"class_list":["post-69392","post","type-post","status-publish","format-standard","has-post-thumbnail","hentry","category-regionales"],"aioseo_notices":[],"gutentor_comment":0,"jetpack_featured_media_url":"https:\/\/eldiariodesanpedro.com.ar\/sitio\/wp-content\/uploads\/2020\/02\/20200226044627.jpg","jetpack_shortlink":"https:\/\/wp.me\/p6RhLt-i3e","jetpack_sharing_enabled":true,"_links":{"self":[{"href":"https:\/\/eldiariodesanpedro.com.ar\/sitio\/wp-json\/wp\/v2\/posts\/69392","targetHints":{"allow":["GET"]}}],"collection":[{"href":"https:\/\/eldiariodesanpedro.com.ar\/sitio\/wp-json\/wp\/v2\/posts"}],"about":[{"href":"https:\/\/eldiariodesanpedro.com.ar\/sitio\/wp-json\/wp\/v2\/types\/post"}],"author":[{"embeddable":true,"href":"https:\/\/eldiariodesanpedro.com.ar\/sitio\/wp-json\/wp\/v2\/users\/4"}],"replies":[{"embeddable":true,"href":"https:\/\/eldiariodesanpedro.com.ar\/sitio\/wp-json\/wp\/v2\/comments?post=69392"}],"version-history":[{"count":1,"href":"https:\/\/eldiariodesanpedro.com.ar\/sitio\/wp-json\/wp\/v2\/posts\/69392\/revisions"}],"predecessor-version":[{"id":69394,"href":"https:\/\/eldiariodesanpedro.com.ar\/sitio\/wp-json\/wp\/v2\/posts\/69392\/revisions\/69394"}],"wp:featuredmedia":[{"embeddable":true,"href":"https:\/\/eldiariodesanpedro.com.ar\/sitio\/wp-json\/wp\/v2\/media\/69393"}],"wp:attachment":[{"href":"https:\/\/eldiariodesanpedro.com.ar\/sitio\/wp-json\/wp\/v2\/media?parent=69392"}],"wp:term":[{"taxonomy":"category","embeddable":true,"href":"https:\/\/eldiariodesanpedro.com.ar\/sitio\/wp-json\/wp\/v2\/categories?post=69392"},{"taxonomy":"post_tag","embeddable":true,"href":"https:\/\/eldiariodesanpedro.com.ar\/sitio\/wp-json\/wp\/v2\/tags?post=69392"}],"curies":[{"name":"wp","href":"https:\/\/api.w.org\/{rel}","templated":true}]}}