{"id":69389,"date":"2020-02-27T10:26:49","date_gmt":"2020-02-27T13:26:49","guid":{"rendered":"https:\/\/eldiariodesanpedro.com.ar\/sitio\/?p=69389"},"modified":"2020-02-27T10:26:54","modified_gmt":"2020-02-27T13:26:54","slug":"campana-violenta-situacion-en-el-consultorio-de-prestadores-de-pami","status":"publish","type":"post","link":"https:\/\/eldiariodesanpedro.com.ar\/sitio\/campana-violenta-situacion-en-el-consultorio-de-prestadores-de-pami\/","title":{"rendered":"CAMPANA | Violenta situaci\u00f3n en el consultorio de prestadores de PAMI"},"content":{"rendered":"<!-- VideographyWP Plugin Message: Automatic video embedding prevented by plugin options. -->\n\n<p> Un hombre golpe\u00f3 y amenaz\u00f3 a la secretaria de una profesional, en el ingreso a los consultorios de calle Berutti al 300. El episodio fue grabado con un celular, y denunciado en la Fiscal\u00eda. El video se viraliz\u00f3 desde la cuenta de Facebook de una de las v\u00edctimas.<\/p>\n\n\n\n<p>\n\nUn lamentable y violento episodio tuvo lugar ayer, en los consultorios m\u00e9dicos de Berutti al 300, donde coinciden varios profesionales prestadores de PAMI.<\/p>\n\n\n\n<p>All\u00ed, la secretaria del lugar fue agredida por un sujeto, quien reclamaba por unas recetas para su mujer, y no quiso entrar en razones ante la explicaci\u00f3n de la mujer, quien le aseguraba que no las ten\u00eda en su poder.<\/p>\n\n\n\n<p>Primero insultos y amenazas, luego un golpe. Un hombre intent\u00f3 intervenir, pero el agresivo sujeto tom\u00f3 un objeto del escritorio (ser\u00edan unas tijeras) y lo amenaz\u00f3, ante el intento de calmar la situaci\u00f3n de una odont\u00f3loga que se encontraba atendiendo, y en medio de algunos gritos y el llanto de un menor que esperaba en el lugar.<\/p>\n\n\n\n<p>El video fue viralizado por una de las empleadas del espacio m\u00e9dico. \u201cEstas son las situaciones que tenemos que pasar las secretarias de los m\u00e9dicos de cabecera de PAMI con total impunidad, falta de respeto y agresividad se manejan, con insultos y agravios hacia los profesionales, secretarias y pacientes\u201d asegur\u00f3 en Facebook.<\/p>\n\n\n\n<p>Seg\u00fan trascendi\u00f3, se habr\u00eda realizado la denuncia en la Fiscal\u00eda y la misma replicar\u00eda en la Comisaria de la Mujer. Hasta el momento no se hab\u00eda identificado al agresor, el cual dijo ser del barrio La Josefa.<\/p>\n\n\n\n<p><em>La L\u00ednea 144 brinda atenci\u00f3n telef\u00f3nica especializada a mujeres v\u00edctimas de violencia de g\u00e9nero durante las 24 horas, los 365 d\u00edas del a\u00f1o. Es an\u00f3nima, gratuita y nacional.<\/em><\/p>\n\n\n\n<p><strong>Del editor: El rostro del agresor fue difuminado para no entorpecer la investigaci\u00f3n y el proceso judicial, estando el material en manos de las autoridades.<\/strong><\/p>\n\n\n\n<p>Fuente: Campana Noticias<\/p>\n","protected":false},"excerpt":{"rendered":"<p>Un hombre golpe\u00f3 y amenaz\u00f3 a la secretaria de una profesional, en el ingreso a los consultorios de calle Berutti al 300. El episodio fue grabado con un celular, y denunciado en la Fiscal\u00eda. El video se viraliz\u00f3 desde la cuenta de Facebook de una de las v\u00edctimas. Un lamentable y violento episodio tuvo lugar [&hellip;]<\/p>\n","protected":false},"author":4,"featured_media":69390,"comment_status":"open","ping_status":"closed","sticky":false,"template":"","format":"standard","meta":{"om_disable_all_campaigns":false,"_jetpack_memberships_contains_paid_content":false,"footnotes":""},"categories":[621],"tags":[],"class_list":["post-69389","post","type-post","status-publish","format-standard","has-post-thumbnail","hentry","category-regionales"],"aioseo_notices":[],"gutentor_comment":0,"jetpack_featured_media_url":"https:\/\/eldiariodesanpedro.com.ar\/sitio\/wp-content\/uploads\/2020\/02\/279983_pami.jpg","jetpack_shortlink":"https:\/\/wp.me\/p6RhLt-i3b","jetpack_sharing_enabled":true,"_links":{"self":[{"href":"https:\/\/eldiariodesanpedro.com.ar\/sitio\/wp-json\/wp\/v2\/posts\/69389","targetHints":{"allow":["GET"]}}],"collection":[{"href":"https:\/\/eldiariodesanpedro.com.ar\/sitio\/wp-json\/wp\/v2\/posts"}],"about":[{"href":"https:\/\/eldiariodesanpedro.com.ar\/sitio\/wp-json\/wp\/v2\/types\/post"}],"author":[{"embeddable":true,"href":"https:\/\/eldiariodesanpedro.com.ar\/sitio\/wp-json\/wp\/v2\/users\/4"}],"replies":[{"embeddable":true,"href":"https:\/\/eldiariodesanpedro.com.ar\/sitio\/wp-json\/wp\/v2\/comments?post=69389"}],"version-history":[{"count":1,"href":"https:\/\/eldiariodesanpedro.com.ar\/sitio\/wp-json\/wp\/v2\/posts\/69389\/revisions"}],"predecessor-version":[{"id":69391,"href":"https:\/\/eldiariodesanpedro.com.ar\/sitio\/wp-json\/wp\/v2\/posts\/69389\/revisions\/69391"}],"wp:featuredmedia":[{"embeddable":true,"href":"https:\/\/eldiariodesanpedro.com.ar\/sitio\/wp-json\/wp\/v2\/media\/69390"}],"wp:attachment":[{"href":"https:\/\/eldiariodesanpedro.com.ar\/sitio\/wp-json\/wp\/v2\/media?parent=69389"}],"wp:term":[{"taxonomy":"category","embeddable":true,"href":"https:\/\/eldiariodesanpedro.com.ar\/sitio\/wp-json\/wp\/v2\/categories?post=69389"},{"taxonomy":"post_tag","embeddable":true,"href":"https:\/\/eldiariodesanpedro.com.ar\/sitio\/wp-json\/wp\/v2\/tags?post=69389"}],"curies":[{"name":"wp","href":"https:\/\/api.w.org\/{rel}","templated":true}]}}