{"id":6938,"date":"2016-08-10T10:39:23","date_gmt":"2016-08-10T13:39:23","guid":{"rendered":"https:\/\/eldiariodesanpedro.com.ar\/sitio\/?p=6938"},"modified":"2016-08-10T10:39:23","modified_gmt":"2016-08-10T13:39:23","slug":"medicos-locales-de-la-cicop-evaluan-participar-del-paro-nacional","status":"publish","type":"post","link":"https:\/\/eldiariodesanpedro.com.ar\/sitio\/medicos-locales-de-la-cicop-evaluan-participar-del-paro-nacional\/","title":{"rendered":"M\u00e9dicos locales de la CICOP eval\u00faan participar del paro nacional"},"content":{"rendered":"<p><!-- VideographyWP Plugin Message: Automatic video embedding prevented by plugin options. --><br \/>\nEl Congreso Provincial de la Asociaci\u00f3n Sindical de Profesionales de la Salud de la Provincia de Buenos Aires (CICOP), del que particip\u00f3 el mercedino Hern\u00e1n Rivero, sesion\u00f3 este s\u00e1bado en la sede nacional de la CTA Aut\u00f3noma en Capital Federal, y luego de un intenso debate vot\u00f3 \u00abpor abrumadora mayor\u00eda\u00bb realizar este jueves 11 de agosto un paro de m\u00e9dicos y profesionales de la salud p\u00fablica en los 80 hospitales bonaerenses, hospitales municipales y centros de salud, con movilizaci\u00f3n, en el marco del paro nacional convocado por la CTA Aut\u00f3noma.<br \/>\nLa medida de fuerza ser\u00e1 la vuelta al paro de la CICOP luego del acuerdo paritario al que llegaron con la gobernadora Mar\u00eda Eugenia Vidal, con el compromiso de la mandataria de reabrirlas la primera semana de agosto, que no se concret\u00f3.<br \/>\n\u00abHemos votado volver a tomar una medida de fuerza, porque no fuimos convocados a la nuestra discusi\u00f3n paritaria, entre otras causas\u201d, afirm\u00f3 la vicepresidenta de la entidad gremial, Marta M\u00e1rquez, y record\u00f3 que \u201cten\u00edamos que haber sido convocados en la primera semana de agosto\u201d.<br \/>\nAs\u00ed tambi\u00e9n enumer\u00f3 \u201cnuestro hist\u00f3rico pliego de reclamos: mejorar las condiciones de trabajo, que el gobierno cumpla los protocolos para prevenir la violencia contra los profesionales de la salud, realizar los nombramientos necesarios de personal, la reparaci\u00f3n de los edificios con problemas de infraestructura y resolver la falta de insumos, entre otros\u00bb, puntualiz\u00f3 al finalizar el Congreso Provincial gremial.<br \/>\n\u00abPedimos un aumento del 25 por ciento como piso, retroactivo al mes de julio y volver a discutir salarios en octubre. Es imperiosa una recomposici\u00f3n salarial para nuestro sector\u00bb, finaliz\u00f3.<\/p>\n","protected":false},"excerpt":{"rendered":"<p>El Congreso Provincial de la Asociaci\u00f3n Sindical de Profesionales de la Salud de la Provincia de Buenos Aires (CICOP), del que particip\u00f3 el mercedino Hern\u00e1n Rivero, sesion\u00f3 este s\u00e1bado en la sede nacional de la CTA Aut\u00f3noma en Capital Federal, y luego de un intenso debate vot\u00f3 \u00abpor abrumadora mayor\u00eda\u00bb realizar este jueves 11 de [&hellip;]<\/p>\n","protected":false},"author":4,"featured_media":6939,"comment_status":"open","ping_status":"closed","sticky":false,"template":"","format":"standard","meta":{"om_disable_all_campaigns":false,"_jetpack_memberships_contains_paid_content":false,"footnotes":""},"categories":[101,2],"tags":[],"class_list":["post-6938","post","type-post","status-publish","format-standard","has-post-thumbnail","hentry","category-interes-general-locales","category-locales"],"aioseo_notices":[],"gutentor_comment":0,"jetpack_featured_media_url":"https:\/\/eldiariodesanpedro.com.ar\/sitio\/wp-content\/uploads\/2016\/08\/ludovica-paro-14-de-febrero-2013_7_redimensionar_0.jpg","jetpack_shortlink":"https:\/\/wp.me\/p6RhLt-1NU","jetpack_sharing_enabled":true,"_links":{"self":[{"href":"https:\/\/eldiariodesanpedro.com.ar\/sitio\/wp-json\/wp\/v2\/posts\/6938","targetHints":{"allow":["GET"]}}],"collection":[{"href":"https:\/\/eldiariodesanpedro.com.ar\/sitio\/wp-json\/wp\/v2\/posts"}],"about":[{"href":"https:\/\/eldiariodesanpedro.com.ar\/sitio\/wp-json\/wp\/v2\/types\/post"}],"author":[{"embeddable":true,"href":"https:\/\/eldiariodesanpedro.com.ar\/sitio\/wp-json\/wp\/v2\/users\/4"}],"replies":[{"embeddable":true,"href":"https:\/\/eldiariodesanpedro.com.ar\/sitio\/wp-json\/wp\/v2\/comments?post=6938"}],"version-history":[{"count":1,"href":"https:\/\/eldiariodesanpedro.com.ar\/sitio\/wp-json\/wp\/v2\/posts\/6938\/revisions"}],"predecessor-version":[{"id":6940,"href":"https:\/\/eldiariodesanpedro.com.ar\/sitio\/wp-json\/wp\/v2\/posts\/6938\/revisions\/6940"}],"wp:featuredmedia":[{"embeddable":true,"href":"https:\/\/eldiariodesanpedro.com.ar\/sitio\/wp-json\/wp\/v2\/media\/6939"}],"wp:attachment":[{"href":"https:\/\/eldiariodesanpedro.com.ar\/sitio\/wp-json\/wp\/v2\/media?parent=6938"}],"wp:term":[{"taxonomy":"category","embeddable":true,"href":"https:\/\/eldiariodesanpedro.com.ar\/sitio\/wp-json\/wp\/v2\/categories?post=6938"},{"taxonomy":"post_tag","embeddable":true,"href":"https:\/\/eldiariodesanpedro.com.ar\/sitio\/wp-json\/wp\/v2\/tags?post=6938"}],"curies":[{"name":"wp","href":"https:\/\/api.w.org\/{rel}","templated":true}]}}