{"id":6928,"date":"2016-08-08T20:00:01","date_gmt":"2016-08-08T23:00:01","guid":{"rendered":"https:\/\/eldiariodesanpedro.com.ar\/sitio\/?p=6928"},"modified":"2016-08-08T20:27:55","modified_gmt":"2016-08-08T23:27:55","slug":"la-policia-encontro-los-elementos-robados-en-el-cec-de-rio-tala","status":"publish","type":"post","link":"https:\/\/eldiariodesanpedro.com.ar\/sitio\/la-policia-encontro-los-elementos-robados-en-el-cec-de-rio-tala\/","title":{"rendered":"La polic\u00eda encontr\u00f3 los elementos robados en el CEC de R\u00edo Tala"},"content":{"rendered":"<p><!-- VideographyWP Plugin Message: Automatic video embedding prevented by plugin options. --><br \/>\nEl robo se produjo en la madrugada del domingo. El establecimiento educativo hab\u00eda sido pr\u00e1cticamente desvalijado; sin embargo, tras la investigaci\u00f3n encabezada por la UFI N\u00ba5 a cargo del Dr. Marcelo Manso, la polic\u00eda encontr\u00f3 gran parte de lo sustra\u00eddo.<br \/>\nLos elementos robados hallaban a tan solo metros del lugar en donde se produjo el il\u00edcito, en una casa que los malvivientes utilizaron para esconder las cosas que sustrajeron. Hab\u00eda elementos de cocina, comida, una batidora, instrumentos musicales, un DVD y dos televisores.<br \/>\nSeg\u00fan se pudo establecer, los delincuentes (que ser\u00edan menores de edad), conoc\u00edan bien las instalaciones.<\/p>\n","protected":false},"excerpt":{"rendered":"<p>El robo se produjo en la madrugada del domingo. El establecimiento educativo hab\u00eda sido pr\u00e1cticamente desvalijado; sin embargo, tras la investigaci\u00f3n encabezada por la UFI N\u00ba5 a cargo del Dr. Marcelo Manso, la polic\u00eda encontr\u00f3 gran parte de lo sustra\u00eddo. Los elementos robados hallaban a tan solo metros del lugar en donde se produjo el [&hellip;]<\/p>\n","protected":false},"author":4,"featured_media":6937,"comment_status":"open","ping_status":"closed","sticky":false,"template":"","format":"standard","meta":{"om_disable_all_campaigns":false,"_jetpack_memberships_contains_paid_content":false,"footnotes":""},"categories":[50,2,103],"tags":[],"class_list":["post-6928","post","type-post","status-publish","format-standard","has-post-thumbnail","hentry","category-destacadas","category-locales","category-policiales-locales"],"aioseo_notices":[],"gutentor_comment":0,"jetpack_featured_media_url":"https:\/\/eldiariodesanpedro.com.ar\/sitio\/wp-content\/uploads\/2016\/08\/cec-1.jpg","jetpack_shortlink":"https:\/\/wp.me\/p6RhLt-1NK","jetpack_sharing_enabled":true,"_links":{"self":[{"href":"https:\/\/eldiariodesanpedro.com.ar\/sitio\/wp-json\/wp\/v2\/posts\/6928","targetHints":{"allow":["GET"]}}],"collection":[{"href":"https:\/\/eldiariodesanpedro.com.ar\/sitio\/wp-json\/wp\/v2\/posts"}],"about":[{"href":"https:\/\/eldiariodesanpedro.com.ar\/sitio\/wp-json\/wp\/v2\/types\/post"}],"author":[{"embeddable":true,"href":"https:\/\/eldiariodesanpedro.com.ar\/sitio\/wp-json\/wp\/v2\/users\/4"}],"replies":[{"embeddable":true,"href":"https:\/\/eldiariodesanpedro.com.ar\/sitio\/wp-json\/wp\/v2\/comments?post=6928"}],"version-history":[{"count":1,"href":"https:\/\/eldiariodesanpedro.com.ar\/sitio\/wp-json\/wp\/v2\/posts\/6928\/revisions"}],"predecessor-version":[{"id":6930,"href":"https:\/\/eldiariodesanpedro.com.ar\/sitio\/wp-json\/wp\/v2\/posts\/6928\/revisions\/6930"}],"wp:featuredmedia":[{"embeddable":true,"href":"https:\/\/eldiariodesanpedro.com.ar\/sitio\/wp-json\/wp\/v2\/media\/6937"}],"wp:attachment":[{"href":"https:\/\/eldiariodesanpedro.com.ar\/sitio\/wp-json\/wp\/v2\/media?parent=6928"}],"wp:term":[{"taxonomy":"category","embeddable":true,"href":"https:\/\/eldiariodesanpedro.com.ar\/sitio\/wp-json\/wp\/v2\/categories?post=6928"},{"taxonomy":"post_tag","embeddable":true,"href":"https:\/\/eldiariodesanpedro.com.ar\/sitio\/wp-json\/wp\/v2\/tags?post=6928"}],"curies":[{"name":"wp","href":"https:\/\/api.w.org\/{rel}","templated":true}]}}