{"id":6925,"date":"2016-08-08T19:58:07","date_gmt":"2016-08-08T22:58:07","guid":{"rendered":"https:\/\/eldiariodesanpedro.com.ar\/sitio\/?p=6925"},"modified":"2016-08-08T19:58:07","modified_gmt":"2016-08-08T22:58:07","slug":"accidente-entre-un-auto-y-una-bicicleta","status":"publish","type":"post","link":"https:\/\/eldiariodesanpedro.com.ar\/sitio\/accidente-entre-un-auto-y-una-bicicleta\/","title":{"rendered":"Accidente entre un auto y una bicicleta"},"content":{"rendered":"<p><!-- VideographyWP Plugin Message: Automatic video embedding prevented by plugin options. --><br \/>\nEl accidente ocurri\u00f3 este lunes en la esquina de Benito Urraco y Pellegrini. En ese lugar, por causas que se tratan de establecer, una bicicleta y un autom\u00f3vil colisionaron.<br \/>\nLo cierto es que la mujer que se dirig\u00eda en el rodado menor fue derivada a la guardia del Hospital con un traumatismo en la cabeza producto del golpe contra el parabrisas.<br \/>\nEl tr\u00e1nsito fue controlado por personal municipal y las actuaciones fueron concretadas por la polic\u00eda. En tanto, la divisi\u00f3n Cient\u00edfica realiz\u00f3 los peritajes en el lugar.<\/p>\n","protected":false},"excerpt":{"rendered":"<p>El accidente ocurri\u00f3 este lunes en la esquina de Benito Urraco y Pellegrini. En ese lugar, por causas que se tratan de establecer, una bicicleta y un autom\u00f3vil colisionaron. Lo cierto es que la mujer que se dirig\u00eda en el rodado menor fue derivada a la guardia del Hospital con un traumatismo en la cabeza [&hellip;]<\/p>\n","protected":false},"author":4,"featured_media":6926,"comment_status":"open","ping_status":"closed","sticky":false,"template":"","format":"standard","meta":{"om_disable_all_campaigns":false,"_jetpack_memberships_contains_paid_content":false,"footnotes":""},"categories":[50,2,103],"tags":[],"class_list":["post-6925","post","type-post","status-publish","format-standard","has-post-thumbnail","hentry","category-destacadas","category-locales","category-policiales-locales"],"aioseo_notices":[],"gutentor_comment":0,"jetpack_featured_media_url":"https:\/\/eldiariodesanpedro.com.ar\/sitio\/wp-content\/uploads\/2016\/08\/Accidente-de-transito.jpg","jetpack_shortlink":"https:\/\/wp.me\/p6RhLt-1NH","jetpack_sharing_enabled":true,"_links":{"self":[{"href":"https:\/\/eldiariodesanpedro.com.ar\/sitio\/wp-json\/wp\/v2\/posts\/6925","targetHints":{"allow":["GET"]}}],"collection":[{"href":"https:\/\/eldiariodesanpedro.com.ar\/sitio\/wp-json\/wp\/v2\/posts"}],"about":[{"href":"https:\/\/eldiariodesanpedro.com.ar\/sitio\/wp-json\/wp\/v2\/types\/post"}],"author":[{"embeddable":true,"href":"https:\/\/eldiariodesanpedro.com.ar\/sitio\/wp-json\/wp\/v2\/users\/4"}],"replies":[{"embeddable":true,"href":"https:\/\/eldiariodesanpedro.com.ar\/sitio\/wp-json\/wp\/v2\/comments?post=6925"}],"version-history":[{"count":1,"href":"https:\/\/eldiariodesanpedro.com.ar\/sitio\/wp-json\/wp\/v2\/posts\/6925\/revisions"}],"predecessor-version":[{"id":6927,"href":"https:\/\/eldiariodesanpedro.com.ar\/sitio\/wp-json\/wp\/v2\/posts\/6925\/revisions\/6927"}],"wp:featuredmedia":[{"embeddable":true,"href":"https:\/\/eldiariodesanpedro.com.ar\/sitio\/wp-json\/wp\/v2\/media\/6926"}],"wp:attachment":[{"href":"https:\/\/eldiariodesanpedro.com.ar\/sitio\/wp-json\/wp\/v2\/media?parent=6925"}],"wp:term":[{"taxonomy":"category","embeddable":true,"href":"https:\/\/eldiariodesanpedro.com.ar\/sitio\/wp-json\/wp\/v2\/categories?post=6925"},{"taxonomy":"post_tag","embeddable":true,"href":"https:\/\/eldiariodesanpedro.com.ar\/sitio\/wp-json\/wp\/v2\/tags?post=6925"}],"curies":[{"name":"wp","href":"https:\/\/api.w.org\/{rel}","templated":true}]}}