{"id":6922,"date":"2016-08-08T19:57:20","date_gmt":"2016-08-08T22:57:20","guid":{"rendered":"https:\/\/eldiariodesanpedro.com.ar\/sitio\/?p=6922"},"modified":"2016-08-08T19:57:20","modified_gmt":"2016-08-08T22:57:20","slug":"sentenciaron-a-20-anos-de-prision-a-mariano-casas","status":"publish","type":"post","link":"https:\/\/eldiariodesanpedro.com.ar\/sitio\/sentenciaron-a-20-anos-de-prision-a-mariano-casas\/","title":{"rendered":"Sentenciaron a 20 a\u00f1os de prisi\u00f3n a Mariano Casas"},"content":{"rendered":"<p><!-- VideographyWP Plugin Message: Automatic video embedding prevented by plugin options. --><br \/>\nTras varias jornada del juicio, ayer se expidi\u00f3 el Tribunal Oral en lo Criminal N\u00b0 1. Mariano \u201cEl Pulguita\u201d Casas fue hallado culpable del homicidio de Tiara Lozano y ser\u00e1 encarcelado por 20 a\u00f1os, seg\u00fan se dict\u00f3 sentencia ayer al mediod\u00eda.<br \/>\nLa cantidad de a\u00f1os se acerc\u00f3 a lo que el fiscal Marcelo Manso hab\u00eda pedido, 21 a\u00f1os. En tanto que la defensa pretend\u00eda su absoluci\u00f3n o tan solo 8 a\u00f1os de prisi\u00f3n.<br \/>\nEl doloroso hecho se produjo el viernes 16 de mayo de 2014, cuando la ni\u00f1a Tiara Lozano, de tan solo un a\u00f1o y cuatro meses, ingres\u00f3 al hospital sin vida. Presentaba signos visibles de haber sido golpeada y de haber fallecido de una manera traum\u00e1tica.<br \/>\nEn ese momento, comenz\u00f3 una investigaci\u00f3n para conocer los causales de muerte de la nena. El fiscal Marcelo Manso orden\u00f3 que se hiciera una autopsia del cuerpo y all\u00ed se pudo determinar que la ni\u00f1a presentaba graves lesiones internas: fractura de cadera y pelvis, lesiones en el h\u00edgado, en el ri\u00f1\u00f3n derecho, diafragma y la presi\u00f3n ejercida sobre la zona abdominal gener\u00f3 el desplazamiento de las v\u00edsceras huecas, de abajo hacia arriba. Tambi\u00e9n se detect\u00f3 mucosidad y l\u00edquido en los pulmones, hematomas en el cuerpo de al menos cinco d\u00edas de antig\u00fcedad, en los brazos y en la pelvis, como as\u00ed tambi\u00e9n pellizcos sobre la piel a la altura del h\u00edgado.<\/p>\n","protected":false},"excerpt":{"rendered":"<p>Tras varias jornada del juicio, ayer se expidi\u00f3 el Tribunal Oral en lo Criminal N\u00b0 1. Mariano \u201cEl Pulguita\u201d Casas fue hallado culpable del homicidio de Tiara Lozano y ser\u00e1 encarcelado por 20 a\u00f1os, seg\u00fan se dict\u00f3 sentencia ayer al mediod\u00eda. La cantidad de a\u00f1os se acerc\u00f3 a lo que el fiscal Marcelo Manso hab\u00eda [&hellip;]<\/p>\n","protected":false},"author":4,"featured_media":6923,"comment_status":"open","ping_status":"closed","sticky":false,"template":"","format":"standard","meta":{"om_disable_all_campaigns":false,"_jetpack_memberships_contains_paid_content":false,"footnotes":""},"categories":[50,101,2],"tags":[],"class_list":["post-6922","post","type-post","status-publish","format-standard","has-post-thumbnail","hentry","category-destacadas","category-interes-general-locales","category-locales"],"aioseo_notices":[],"gutentor_comment":0,"jetpack_featured_media_url":"https:\/\/eldiariodesanpedro.com.ar\/sitio\/wp-content\/uploads\/2016\/08\/Mariano-casas.jpg","jetpack_shortlink":"https:\/\/wp.me\/p6RhLt-1NE","jetpack_sharing_enabled":true,"_links":{"self":[{"href":"https:\/\/eldiariodesanpedro.com.ar\/sitio\/wp-json\/wp\/v2\/posts\/6922","targetHints":{"allow":["GET"]}}],"collection":[{"href":"https:\/\/eldiariodesanpedro.com.ar\/sitio\/wp-json\/wp\/v2\/posts"}],"about":[{"href":"https:\/\/eldiariodesanpedro.com.ar\/sitio\/wp-json\/wp\/v2\/types\/post"}],"author":[{"embeddable":true,"href":"https:\/\/eldiariodesanpedro.com.ar\/sitio\/wp-json\/wp\/v2\/users\/4"}],"replies":[{"embeddable":true,"href":"https:\/\/eldiariodesanpedro.com.ar\/sitio\/wp-json\/wp\/v2\/comments?post=6922"}],"version-history":[{"count":1,"href":"https:\/\/eldiariodesanpedro.com.ar\/sitio\/wp-json\/wp\/v2\/posts\/6922\/revisions"}],"predecessor-version":[{"id":6924,"href":"https:\/\/eldiariodesanpedro.com.ar\/sitio\/wp-json\/wp\/v2\/posts\/6922\/revisions\/6924"}],"wp:featuredmedia":[{"embeddable":true,"href":"https:\/\/eldiariodesanpedro.com.ar\/sitio\/wp-json\/wp\/v2\/media\/6923"}],"wp:attachment":[{"href":"https:\/\/eldiariodesanpedro.com.ar\/sitio\/wp-json\/wp\/v2\/media?parent=6922"}],"wp:term":[{"taxonomy":"category","embeddable":true,"href":"https:\/\/eldiariodesanpedro.com.ar\/sitio\/wp-json\/wp\/v2\/categories?post=6922"},{"taxonomy":"post_tag","embeddable":true,"href":"https:\/\/eldiariodesanpedro.com.ar\/sitio\/wp-json\/wp\/v2\/tags?post=6922"}],"curies":[{"name":"wp","href":"https:\/\/api.w.org\/{rel}","templated":true}]}}