{"id":6919,"date":"2016-08-08T19:47:44","date_gmt":"2016-08-08T22:47:44","guid":{"rendered":"https:\/\/eldiariodesanpedro.com.ar\/sitio\/?p=6919"},"modified":"2016-08-08T19:47:44","modified_gmt":"2016-08-08T22:47:44","slug":"suteba-y-feb-definen-sus-planes-de-accion","status":"publish","type":"post","link":"https:\/\/eldiariodesanpedro.com.ar\/sitio\/suteba-y-feb-definen-sus-planes-de-accion\/","title":{"rendered":"SUTEBA Y FEB definen sus planes de acci\u00f3n"},"content":{"rendered":"<p><!-- VideographyWP Plugin Message: Automatic video embedding prevented by plugin options. --><br \/>\nSUTEBA ha realizado una convocatoria para una asamblea que se desarrollar\u00e1 en la jornada de hoy martes a partir de las 18.00 en su seccional de Pellegrini 2020.Mediante un comunicado de prensa han dado a conocer cu\u00e1l ser\u00e1 el temario en esta oportunidad:<br \/>\n1- Informe de situaci\u00f3n provincial y nacional<br \/>\n2-Continuidad del Plan de Acci\u00f3n Nacional y Provincial de SUTEBA (FGDB) y CTERA<br \/>\n3- Acciones provinciales y nacionales de CTA<br \/>\n4- Marcha Federal contra el ajuste, por Trabajo y Salario<br \/>\nEl secretario general del Sindicato Unificado de Trabajadores de la Educaci\u00f3n bonaerense (SUTEBA), Roberto Baradel, advirti\u00f3 que si el Gobierno provincial no da respuesta positiva al reclamo de recomposici\u00f3n salarial \u201chabr\u00e1 una medida de fuerza\u201d el jueves pr\u00f3ximo, tras lo cual el titular de la cartera de Educaci\u00f3n, Alejandro Finocchiaro, replic\u00f3 que para el Ejecutivo el conflicto \u201cse debe resolver con los chicos en las aulas\u201d.<br \/>\nHoy \u00abhay una reuni\u00f3n de las comisiones t\u00e9cnico-salariales con el gobierno bonaerense, y si no tenemos una respuesta positiva a reabrir la paritaria para discutir una recomposici\u00f3n salarial, habr\u00e1 una medida de fuerza\u201d, confirm\u00f3 Baradel y agreg\u00f3 que el incremento pretendido es de \u201centre el 12 y el 15 por ciento\u201d.<br \/>\nEn la misma l\u00ednea, la FEB convoc\u00f3 a su Congreso Extraordinario para este mi\u00e9rcoles 10 de agosto, en la ciudad de La Plata, con el fin de analizar el resultado de la paritaria del pr\u00f3ximo 9 de agosto y determinar acciones a implementar esta misma semana.<br \/>\nLa presidenta de la FEB, Mirta Petrocini, explic\u00f3 que \u201csomos muy respetuosos de la voluntad de los docentes, pero si el Gobierno no lleva una propuesta concreta de recomposici\u00f3n salarial para la pr\u00f3xima reuni\u00f3n de la Comisi\u00f3n T\u00e9cnica Salarial, lo m\u00e1s probable es que se defina un paro\u201d.<br \/>\nLos docentes vienen de realizar una multitudinaria movilizaci\u00f3n en la Casa de la Provincia de Buenos Aires el \u00faltimo 1\u00b0 de agosto donde, adem\u00e1s de una urgente recomposici\u00f3n salarial, exigieron mayor presupuesto para infraestructura, cobertura de cargos, regularizaci\u00f3n y agilizaci\u00f3n de los tr\u00e1mites jubilatorios, entre otros pedidos.<br \/>\n\u201cEl \u00faltimo Congreso de la FEB ya hab\u00eda mostrado su malestar, que se plasm\u00f3 en la \u00faltima movilizaci\u00f3n y que se puede traducir en un pr\u00f3ximo paro\u201d, indic\u00f3 Petrocini.<br \/>\n\u201cHemos tenido la paciencia suficiente para que el Gobierno elabore una propuesta de recomposici\u00f3n que tenga en cuenta el deterioro constante de nuestro poder adquisitivo\u201d, afirm\u00f3 Petrocini.<br \/>\nEn este sentido, la titular de la FEB sostuvo que \u201cuna dilaci\u00f3n o una oferta que no sea razonable, seguramente determinar\u00e1 la decisi\u00f3n de un paro provincial de toda la docencia para esta semana\u201d.<br \/>\nEl Congreso sesionar\u00e1 a partir de las 9:00 horas en la Sede Central del gremio, en calle 46 N\u00b0 891 de la ciudad de La Plata.<\/p>\n","protected":false},"excerpt":{"rendered":"<p>SUTEBA ha realizado una convocatoria para una asamblea que se desarrollar\u00e1 en la jornada de hoy martes a partir de las 18.00 en su seccional de Pellegrini 2020.Mediante un comunicado de prensa han dado a conocer cu\u00e1l ser\u00e1 el temario en esta oportunidad: 1- Informe de situaci\u00f3n provincial y nacional 2-Continuidad del Plan de Acci\u00f3n [&hellip;]<\/p>\n","protected":false},"author":4,"featured_media":6920,"comment_status":"open","ping_status":"closed","sticky":false,"template":"","format":"standard","meta":{"om_disable_all_campaigns":false,"_jetpack_memberships_contains_paid_content":false,"footnotes":""},"categories":[2,102],"tags":[],"class_list":["post-6919","post","type-post","status-publish","format-standard","has-post-thumbnail","hentry","category-locales","category-politica-locales"],"aioseo_notices":[],"gutentor_comment":0,"jetpack_featured_media_url":"https:\/\/eldiariodesanpedro.com.ar\/sitio\/wp-content\/uploads\/2016\/08\/SUTEBA.jpg","jetpack_shortlink":"https:\/\/wp.me\/p6RhLt-1NB","jetpack_sharing_enabled":true,"_links":{"self":[{"href":"https:\/\/eldiariodesanpedro.com.ar\/sitio\/wp-json\/wp\/v2\/posts\/6919","targetHints":{"allow":["GET"]}}],"collection":[{"href":"https:\/\/eldiariodesanpedro.com.ar\/sitio\/wp-json\/wp\/v2\/posts"}],"about":[{"href":"https:\/\/eldiariodesanpedro.com.ar\/sitio\/wp-json\/wp\/v2\/types\/post"}],"author":[{"embeddable":true,"href":"https:\/\/eldiariodesanpedro.com.ar\/sitio\/wp-json\/wp\/v2\/users\/4"}],"replies":[{"embeddable":true,"href":"https:\/\/eldiariodesanpedro.com.ar\/sitio\/wp-json\/wp\/v2\/comments?post=6919"}],"version-history":[{"count":1,"href":"https:\/\/eldiariodesanpedro.com.ar\/sitio\/wp-json\/wp\/v2\/posts\/6919\/revisions"}],"predecessor-version":[{"id":6921,"href":"https:\/\/eldiariodesanpedro.com.ar\/sitio\/wp-json\/wp\/v2\/posts\/6919\/revisions\/6921"}],"wp:featuredmedia":[{"embeddable":true,"href":"https:\/\/eldiariodesanpedro.com.ar\/sitio\/wp-json\/wp\/v2\/media\/6920"}],"wp:attachment":[{"href":"https:\/\/eldiariodesanpedro.com.ar\/sitio\/wp-json\/wp\/v2\/media?parent=6919"}],"wp:term":[{"taxonomy":"category","embeddable":true,"href":"https:\/\/eldiariodesanpedro.com.ar\/sitio\/wp-json\/wp\/v2\/categories?post=6919"},{"taxonomy":"post_tag","embeddable":true,"href":"https:\/\/eldiariodesanpedro.com.ar\/sitio\/wp-json\/wp\/v2\/tags?post=6919"}],"curies":[{"name":"wp","href":"https:\/\/api.w.org\/{rel}","templated":true}]}}