{"id":6916,"date":"2016-08-08T19:45:25","date_gmt":"2016-08-08T22:45:25","guid":{"rendered":"https:\/\/eldiariodesanpedro.com.ar\/sitio\/?p=6916"},"modified":"2016-08-08T19:45:25","modified_gmt":"2016-08-08T22:45:25","slug":"reconocen-a-medicos-y-enfermeros-que-participaron-del-programa-ampliado-de-inmunizaciones","status":"publish","type":"post","link":"https:\/\/eldiariodesanpedro.com.ar\/sitio\/reconocen-a-medicos-y-enfermeros-que-participaron-del-programa-ampliado-de-inmunizaciones\/","title":{"rendered":"Reconocen a m\u00e9dicos y enfermeros que participaron del Programa Ampliado de Inmunizaciones"},"content":{"rendered":"<p><!-- VideographyWP Plugin Message: Automatic video embedding prevented by plugin options. --><br \/>\nHace un par de semanas atr\u00e1s, m\u00e9dicos y enfermeros de nuestro Hospital participaron de las jornadas del Programa Ampliado de Inmunizaciones (PAI). Ayer, en su despacho, Salazar reconoci\u00f3 a todos aquellos que tuvieron la oportunidad de capacitarse.<br \/>\nCabe recordar que el PAI tiene por objetivo disminuir las tasas de mortalidad y morbilidad causadas por enfermedades inmunoprevenibles; adem\u00e1s de erradicar y controlar las enfermedades de poliomielitis, sarampi\u00f3n, t\u00e9tanos, difteria, entre otras.<br \/>\nSe les entreg\u00f3 a los participantes un reconocimiento por su labor e inter\u00e9s por evolucionar en sus tareas diarias.<\/p>\n","protected":false},"excerpt":{"rendered":"<p>Hace un par de semanas atr\u00e1s, m\u00e9dicos y enfermeros de nuestro Hospital participaron de las jornadas del Programa Ampliado de Inmunizaciones (PAI). Ayer, en su despacho, Salazar reconoci\u00f3 a todos aquellos que tuvieron la oportunidad de capacitarse. Cabe recordar que el PAI tiene por objetivo disminuir las tasas de mortalidad y morbilidad causadas por enfermedades [&hellip;]<\/p>\n","protected":false},"author":4,"featured_media":6917,"comment_status":"open","ping_status":"closed","sticky":false,"template":"","format":"standard","meta":{"om_disable_all_campaigns":false,"_jetpack_memberships_contains_paid_content":false,"footnotes":""},"categories":[50,2,102],"tags":[],"class_list":["post-6916","post","type-post","status-publish","format-standard","has-post-thumbnail","hentry","category-destacadas","category-locales","category-politica-locales"],"aioseo_notices":[],"gutentor_comment":0,"jetpack_featured_media_url":"https:\/\/eldiariodesanpedro.com.ar\/sitio\/wp-content\/uploads\/2016\/08\/reconocimiento-de-salazar.jpg","jetpack_shortlink":"https:\/\/wp.me\/p6RhLt-1Ny","jetpack_sharing_enabled":true,"_links":{"self":[{"href":"https:\/\/eldiariodesanpedro.com.ar\/sitio\/wp-json\/wp\/v2\/posts\/6916","targetHints":{"allow":["GET"]}}],"collection":[{"href":"https:\/\/eldiariodesanpedro.com.ar\/sitio\/wp-json\/wp\/v2\/posts"}],"about":[{"href":"https:\/\/eldiariodesanpedro.com.ar\/sitio\/wp-json\/wp\/v2\/types\/post"}],"author":[{"embeddable":true,"href":"https:\/\/eldiariodesanpedro.com.ar\/sitio\/wp-json\/wp\/v2\/users\/4"}],"replies":[{"embeddable":true,"href":"https:\/\/eldiariodesanpedro.com.ar\/sitio\/wp-json\/wp\/v2\/comments?post=6916"}],"version-history":[{"count":1,"href":"https:\/\/eldiariodesanpedro.com.ar\/sitio\/wp-json\/wp\/v2\/posts\/6916\/revisions"}],"predecessor-version":[{"id":6918,"href":"https:\/\/eldiariodesanpedro.com.ar\/sitio\/wp-json\/wp\/v2\/posts\/6916\/revisions\/6918"}],"wp:featuredmedia":[{"embeddable":true,"href":"https:\/\/eldiariodesanpedro.com.ar\/sitio\/wp-json\/wp\/v2\/media\/6917"}],"wp:attachment":[{"href":"https:\/\/eldiariodesanpedro.com.ar\/sitio\/wp-json\/wp\/v2\/media?parent=6916"}],"wp:term":[{"taxonomy":"category","embeddable":true,"href":"https:\/\/eldiariodesanpedro.com.ar\/sitio\/wp-json\/wp\/v2\/categories?post=6916"},{"taxonomy":"post_tag","embeddable":true,"href":"https:\/\/eldiariodesanpedro.com.ar\/sitio\/wp-json\/wp\/v2\/tags?post=6916"}],"curies":[{"name":"wp","href":"https:\/\/api.w.org\/{rel}","templated":true}]}}