{"id":6910,"date":"2016-08-08T19:42:28","date_gmt":"2016-08-08T22:42:28","guid":{"rendered":"https:\/\/eldiariodesanpedro.com.ar\/sitio\/?p=6910"},"modified":"2016-08-08T19:42:28","modified_gmt":"2016-08-08T22:42:28","slug":"lalo-mir-y-maria-odonnell-visitaron-el-museo-paleontologico-de-san-pedro","status":"publish","type":"post","link":"https:\/\/eldiariodesanpedro.com.ar\/sitio\/lalo-mir-y-maria-odonnell-visitaron-el-museo-paleontologico-de-san-pedro\/","title":{"rendered":"Lalo Mir y Mar\u00eda O`Donnell visitaron el Museo Paleontol\u00f3gico de San Pedro"},"content":{"rendered":"<p><!-- VideographyWP Plugin Message: Automatic video embedding prevented by plugin options. --><br \/>\nEn la tarde del s\u00e1bado, el conductor sampedrino Eduardo \u201cLalo\u201d Mir, y la periodista y polit\u00f3loga Mar\u00eda O`Donnell, visitaron el Museo Paleontol\u00f3gico de San Pedro junto a sus respectivas parejas.<br \/>\nLos reconocidos periodistas y conductores de radio y televisi\u00f3n recorrieron las diferentes salas del museo conociendo la gran colecci\u00f3n de mam\u00edferos f\u00f3siles que la instituci\u00f3n viene reuniendo a lo largo de estos a\u00f1os.<br \/>\nUna parada obligada fue la sala de audiovisuales donde se proyecta el corto institucional del lugar, en el cual \u201cLalo\u201d tiene un rol preponderante ya que es la \u201cvoz en off\u201d del video que narra la historia del Grupo Conservacionista de F\u00f3siles.<br \/>\nMar\u00eda O\u00b4Donnell y su esposo, en di\u00e1logo con Jos\u00e9 Luis Aguilar, miembro del GCF, elogiaron la ambientaci\u00f3n del lugar, al que calificaron de \u201cmuy bello museo\u201d, destacando la forma de presentaci\u00f3n de los f\u00f3siles.<br \/>\nDesde la entidad se agradecieron \u201cla excelente predisposici\u00f3n y amabilidad\u201d con que los visitantes accedieron a tomarse la fotograf\u00eda de rigor para el \u00e1lbum del museo.<\/p>\n","protected":false},"excerpt":{"rendered":"<p>En la tarde del s\u00e1bado, el conductor sampedrino Eduardo \u201cLalo\u201d Mir, y la periodista y polit\u00f3loga Mar\u00eda O`Donnell, visitaron el Museo Paleontol\u00f3gico de San Pedro junto a sus respectivas parejas. Los reconocidos periodistas y conductores de radio y televisi\u00f3n recorrieron las diferentes salas del museo conociendo la gran colecci\u00f3n de mam\u00edferos f\u00f3siles que la instituci\u00f3n [&hellip;]<\/p>\n","protected":false},"author":4,"featured_media":6911,"comment_status":"open","ping_status":"closed","sticky":false,"template":"","format":"standard","meta":{"om_disable_all_campaigns":false,"_jetpack_memberships_contains_paid_content":false,"footnotes":""},"categories":[101,2],"tags":[],"class_list":["post-6910","post","type-post","status-publish","format-standard","has-post-thumbnail","hentry","category-interes-general-locales","category-locales"],"aioseo_notices":[],"gutentor_comment":0,"jetpack_featured_media_url":"https:\/\/eldiariodesanpedro.com.ar\/sitio\/wp-content\/uploads\/2016\/08\/Lalo-Mir.jpg","jetpack_shortlink":"https:\/\/wp.me\/p6RhLt-1Ns","jetpack_sharing_enabled":true,"_links":{"self":[{"href":"https:\/\/eldiariodesanpedro.com.ar\/sitio\/wp-json\/wp\/v2\/posts\/6910","targetHints":{"allow":["GET"]}}],"collection":[{"href":"https:\/\/eldiariodesanpedro.com.ar\/sitio\/wp-json\/wp\/v2\/posts"}],"about":[{"href":"https:\/\/eldiariodesanpedro.com.ar\/sitio\/wp-json\/wp\/v2\/types\/post"}],"author":[{"embeddable":true,"href":"https:\/\/eldiariodesanpedro.com.ar\/sitio\/wp-json\/wp\/v2\/users\/4"}],"replies":[{"embeddable":true,"href":"https:\/\/eldiariodesanpedro.com.ar\/sitio\/wp-json\/wp\/v2\/comments?post=6910"}],"version-history":[{"count":1,"href":"https:\/\/eldiariodesanpedro.com.ar\/sitio\/wp-json\/wp\/v2\/posts\/6910\/revisions"}],"predecessor-version":[{"id":6912,"href":"https:\/\/eldiariodesanpedro.com.ar\/sitio\/wp-json\/wp\/v2\/posts\/6910\/revisions\/6912"}],"wp:featuredmedia":[{"embeddable":true,"href":"https:\/\/eldiariodesanpedro.com.ar\/sitio\/wp-json\/wp\/v2\/media\/6911"}],"wp:attachment":[{"href":"https:\/\/eldiariodesanpedro.com.ar\/sitio\/wp-json\/wp\/v2\/media?parent=6910"}],"wp:term":[{"taxonomy":"category","embeddable":true,"href":"https:\/\/eldiariodesanpedro.com.ar\/sitio\/wp-json\/wp\/v2\/categories?post=6910"},{"taxonomy":"post_tag","embeddable":true,"href":"https:\/\/eldiariodesanpedro.com.ar\/sitio\/wp-json\/wp\/v2\/tags?post=6910"}],"curies":[{"name":"wp","href":"https:\/\/api.w.org\/{rel}","templated":true}]}}