{"id":6907,"date":"2016-08-08T19:40:07","date_gmt":"2016-08-08T22:40:07","guid":{"rendered":"https:\/\/eldiariodesanpedro.com.ar\/sitio\/?p=6907"},"modified":"2016-08-08T19:40:07","modified_gmt":"2016-08-08T22:40:07","slug":"se-realizara-el-lanzamiento-de-la-ruta-del-inmigrante-espanol","status":"publish","type":"post","link":"https:\/\/eldiariodesanpedro.com.ar\/sitio\/se-realizara-el-lanzamiento-de-la-ruta-del-inmigrante-espanol\/","title":{"rendered":"Se realizar\u00e1 el lanzamiento de la Ruta del Inmigrante Espa\u00f1ol"},"content":{"rendered":"<p><!-- VideographyWP Plugin Message: Automatic video embedding prevented by plugin options. --><br \/>\nLa Direcci\u00f3n de Pol\u00edtica Demogr\u00e1fica, Migraci\u00f3n e Inmigraci\u00f3n de la Subsecretar\u00eda de Gobierno y Asuntos Municipales realizar\u00e1 en nuestra ciudad el lanzamiento de la Ruta del Inmigrante Espa\u00f1ol.<br \/>\nSe realizar\u00e1 el pr\u00f3ximo 11 de agosto, a las 11.00, en el Sal\u00f3n Dorado de la Municipalidad.<\/p>\n","protected":false},"excerpt":{"rendered":"<p>La Direcci\u00f3n de Pol\u00edtica Demogr\u00e1fica, Migraci\u00f3n e Inmigraci\u00f3n de la Subsecretar\u00eda de Gobierno y Asuntos Municipales realizar\u00e1 en nuestra ciudad el lanzamiento de la Ruta del Inmigrante Espa\u00f1ol. Se realizar\u00e1 el pr\u00f3ximo 11 de agosto, a las 11.00, en el Sal\u00f3n Dorado de la Municipalidad.<\/p>\n","protected":false},"author":4,"featured_media":6908,"comment_status":"open","ping_status":"closed","sticky":false,"template":"","format":"standard","meta":{"om_disable_all_campaigns":false,"_jetpack_memberships_contains_paid_content":false,"footnotes":""},"categories":[101,2],"tags":[],"class_list":["post-6907","post","type-post","status-publish","format-standard","has-post-thumbnail","hentry","category-interes-general-locales","category-locales"],"aioseo_notices":[],"gutentor_comment":0,"jetpack_featured_media_url":"https:\/\/eldiariodesanpedro.com.ar\/sitio\/wp-content\/uploads\/2016\/08\/inmigrantes.jpg","jetpack_shortlink":"https:\/\/wp.me\/p6RhLt-1Np","jetpack_sharing_enabled":true,"_links":{"self":[{"href":"https:\/\/eldiariodesanpedro.com.ar\/sitio\/wp-json\/wp\/v2\/posts\/6907","targetHints":{"allow":["GET"]}}],"collection":[{"href":"https:\/\/eldiariodesanpedro.com.ar\/sitio\/wp-json\/wp\/v2\/posts"}],"about":[{"href":"https:\/\/eldiariodesanpedro.com.ar\/sitio\/wp-json\/wp\/v2\/types\/post"}],"author":[{"embeddable":true,"href":"https:\/\/eldiariodesanpedro.com.ar\/sitio\/wp-json\/wp\/v2\/users\/4"}],"replies":[{"embeddable":true,"href":"https:\/\/eldiariodesanpedro.com.ar\/sitio\/wp-json\/wp\/v2\/comments?post=6907"}],"version-history":[{"count":1,"href":"https:\/\/eldiariodesanpedro.com.ar\/sitio\/wp-json\/wp\/v2\/posts\/6907\/revisions"}],"predecessor-version":[{"id":6909,"href":"https:\/\/eldiariodesanpedro.com.ar\/sitio\/wp-json\/wp\/v2\/posts\/6907\/revisions\/6909"}],"wp:featuredmedia":[{"embeddable":true,"href":"https:\/\/eldiariodesanpedro.com.ar\/sitio\/wp-json\/wp\/v2\/media\/6908"}],"wp:attachment":[{"href":"https:\/\/eldiariodesanpedro.com.ar\/sitio\/wp-json\/wp\/v2\/media?parent=6907"}],"wp:term":[{"taxonomy":"category","embeddable":true,"href":"https:\/\/eldiariodesanpedro.com.ar\/sitio\/wp-json\/wp\/v2\/categories?post=6907"},{"taxonomy":"post_tag","embeddable":true,"href":"https:\/\/eldiariodesanpedro.com.ar\/sitio\/wp-json\/wp\/v2\/tags?post=6907"}],"curies":[{"name":"wp","href":"https:\/\/api.w.org\/{rel}","templated":true}]}}