{"id":6904,"date":"2016-08-08T19:37:43","date_gmt":"2016-08-08T22:37:43","guid":{"rendered":"https:\/\/eldiariodesanpedro.com.ar\/sitio\/?p=6904"},"modified":"2016-08-08T19:37:43","modified_gmt":"2016-08-08T22:37:43","slug":"el-chaqueno-palavecino-el-tercer-invitado-en-el-disco-de-los-campedrinos","status":"publish","type":"post","link":"https:\/\/eldiariodesanpedro.com.ar\/sitio\/el-chaqueno-palavecino-el-tercer-invitado-en-el-disco-de-los-campedrinos\/","title":{"rendered":"El Chaque\u00f1o Palavecino, el tercer invitado en el disco de Los Campedrinos"},"content":{"rendered":"<p><!-- VideographyWP Plugin Message: Automatic video embedding prevented by plugin options. --><br \/>\nLos Campedrinos no dejan de sorprendernos: anunciaron en sus redes sociales al tercer invitado que engalanar\u00e1 su segundo disco, nada m\u00e1s ni nada menos que uno de los mayores exponentes del folklore de Argentina, el Chaque\u00f1o Palavecino, que se suma a los ya antes mencionados Facundo Toro y Guillermo Novellis de La Mosca.<br \/>\nAdem\u00e1s, el disco producido por Facundo Toro y Diego Pietri contar\u00e1 con reconocidos m\u00fasicos como lo es \u201cPipo\u201d Valdez de Los Tekis en vientos, Diego Leguizam\u00f3n de La Callejera en violines, Hervin de los Fabulosos Cadillacs en trompetas y adem\u00e1s un tema producido por Obi Homer, reconocido productor de Jorge Rojas y Los Nocheros.<br \/>\nSergio y Agust\u00edn de esta manera van sellando su nombre entre los grandes del folklore nacional. Lanzar\u00e1n su nuevo material en pocas semanas a trav\u00e9s de la discogr\u00e1fica y distribuidora m\u00e1s grande de Argentina, como lo es DBN. Estar\u00e1 en las g\u00f3ndolas de todas las disquer\u00edas del pa\u00eds y en todas las tiendas digitales del mundo.<br \/>\nEl tsunami rojo sigue arrasando todo a su paso, dejando su huella en cada lugar que pisan. Sin duda alguna con este material y con su pr\u00f3xima gira art\u00edstica se posicionar\u00e1n en lo m\u00e1s alto.<\/p>\n","protected":false},"excerpt":{"rendered":"<p>Los Campedrinos no dejan de sorprendernos: anunciaron en sus redes sociales al tercer invitado que engalanar\u00e1 su segundo disco, nada m\u00e1s ni nada menos que uno de los mayores exponentes del folklore de Argentina, el Chaque\u00f1o Palavecino, que se suma a los ya antes mencionados Facundo Toro y Guillermo Novellis de La Mosca. Adem\u00e1s, el [&hellip;]<\/p>\n","protected":false},"author":4,"featured_media":6905,"comment_status":"open","ping_status":"closed","sticky":false,"template":"","format":"standard","meta":{"om_disable_all_campaigns":false,"_jetpack_memberships_contains_paid_content":false,"footnotes":""},"categories":[50,101,2],"tags":[],"class_list":["post-6904","post","type-post","status-publish","format-standard","has-post-thumbnail","hentry","category-destacadas","category-interes-general-locales","category-locales"],"aioseo_notices":[],"gutentor_comment":0,"jetpack_featured_media_url":"https:\/\/eldiariodesanpedro.com.ar\/sitio\/wp-content\/uploads\/2016\/08\/Chaque\u00f1o-y-Campedrinos.jpg","jetpack_shortlink":"https:\/\/wp.me\/p6RhLt-1Nm","jetpack_sharing_enabled":true,"_links":{"self":[{"href":"https:\/\/eldiariodesanpedro.com.ar\/sitio\/wp-json\/wp\/v2\/posts\/6904","targetHints":{"allow":["GET"]}}],"collection":[{"href":"https:\/\/eldiariodesanpedro.com.ar\/sitio\/wp-json\/wp\/v2\/posts"}],"about":[{"href":"https:\/\/eldiariodesanpedro.com.ar\/sitio\/wp-json\/wp\/v2\/types\/post"}],"author":[{"embeddable":true,"href":"https:\/\/eldiariodesanpedro.com.ar\/sitio\/wp-json\/wp\/v2\/users\/4"}],"replies":[{"embeddable":true,"href":"https:\/\/eldiariodesanpedro.com.ar\/sitio\/wp-json\/wp\/v2\/comments?post=6904"}],"version-history":[{"count":1,"href":"https:\/\/eldiariodesanpedro.com.ar\/sitio\/wp-json\/wp\/v2\/posts\/6904\/revisions"}],"predecessor-version":[{"id":6906,"href":"https:\/\/eldiariodesanpedro.com.ar\/sitio\/wp-json\/wp\/v2\/posts\/6904\/revisions\/6906"}],"wp:featuredmedia":[{"embeddable":true,"href":"https:\/\/eldiariodesanpedro.com.ar\/sitio\/wp-json\/wp\/v2\/media\/6905"}],"wp:attachment":[{"href":"https:\/\/eldiariodesanpedro.com.ar\/sitio\/wp-json\/wp\/v2\/media?parent=6904"}],"wp:term":[{"taxonomy":"category","embeddable":true,"href":"https:\/\/eldiariodesanpedro.com.ar\/sitio\/wp-json\/wp\/v2\/categories?post=6904"},{"taxonomy":"post_tag","embeddable":true,"href":"https:\/\/eldiariodesanpedro.com.ar\/sitio\/wp-json\/wp\/v2\/tags?post=6904"}],"curies":[{"name":"wp","href":"https:\/\/api.w.org\/{rel}","templated":true}]}}