{"id":6847,"date":"2016-08-07T21:40:29","date_gmt":"2016-08-08T00:40:29","guid":{"rendered":"https:\/\/eldiariodesanpedro.com.ar\/sitio\/?p=6847"},"modified":"2016-08-07T21:40:29","modified_gmt":"2016-08-08T00:40:29","slug":"la-coopser-podria-no-descartar-la-posibilidad-de-hacerse-cargo-de-la-clinica-san-martin","status":"publish","type":"post","link":"https:\/\/eldiariodesanpedro.com.ar\/sitio\/la-coopser-podria-no-descartar-la-posibilidad-de-hacerse-cargo-de-la-clinica-san-martin\/","title":{"rendered":"La Coopser podr\u00eda no descartar la posibilidad de hacerse cargo de la Cl\u00ednica San Mart\u00edn"},"content":{"rendered":"<p><!-- VideographyWP Plugin Message: Automatic video embedding prevented by plugin options. --><br \/>\nAunque parec\u00eda totalmente ca\u00edda la propuesta, existe una peque\u00f1a luz de esperanza. Lo cierto es que a\u00fan no se descarta la posibilidad de que la Coopser retome el proyecto de adquirir el centro asistencial. En realidad, siempre se dijo p\u00fablicamente que todo estaba latente, pero que el contexto cambiante de los \u00faltimos tiempos no permit\u00eda al Consejo de Administraci\u00f3n tomar definiciones acerca de ello. Sin embargo, para ello, como explicaremos en este art\u00edculo, se deben dar una serie de condiciones complejas de resolver.<br \/>\nExisten varios puntos para desenredar la compleja trama. En principio, est\u00e1 el problema econ\u00f3mico. Cabe recordar que, cuando todo estaba encaminado, a principio del mes de julio, un fallo judicial retrotrajo el aumento de energ\u00eda. No solo frustr\u00f3 las avanzadas negociaciones, sino que puso en jaque las finanzas de la instituci\u00f3n.<br \/>\nAdem\u00e1s, la asamblea que se concret\u00f3 el 23 de julio puso como condici\u00f3n justamente que haya una definici\u00f3n en torno a la medida cautelar que dej\u00f3 sin efecto el incremento de las tarifas el\u00e9ctricas. Hasta que no haya un fallo firme por parte de la Justicia no se podr\u00e1 avanzar en ning\u00fan sentido.<br \/>\nPor otro lado, los socios de la cl\u00ednica y el Municipio hab\u00edan concretado una serie de reuniones con autoridades municipales. P\u00fablicamente, Silva manifest\u00f3 a trav\u00e9s de \u201cSomos Noticias\u201d que se emite por el canal 2 de la pantalla de Cablevisi\u00f3n: \u201cMientras exista nos retira de la negociaci\u00f3n\u201d y \u201cno vamos a hacer absolutamente nada que entorpezca el desenvolvimiento de las negociaciones\u201d.<br \/>\nSin embargo, fuentes cercanas al gobierno han manifestado que hoy por hoy el municipio no est\u00e1 en condiciones econ\u00f3micas de avanzar en ning\u00fan tipo de negociaci\u00f3n. Por lo que estar\u00eda casi descartado que la gesti\u00f3n de Salazar haga alg\u00fan tipo de erogaci\u00f3n de dinero para adquirir las acciones, que es lo que los socios pretender\u00edan.<br \/>\nEn tanto que tambi\u00e9n falta una cuesti\u00f3n no menor y que tiene que ver con los propios accionistas. Falta unanimidad de criterios sobre c\u00f3mo proceder. Algunos de ellos no pretenden nada m\u00e1s que la puesta nuevamente en funcionamiento de la Cl\u00ednica, otros el pago de un dinero y otros solo continuar trabajando en ese edificio, entre otras posturas.<br \/>\nTampoco hay que dejar de tener en cuenta que en materia de sueldos y gastos de servicios, el centro asistencial da p\u00e9rdida d\u00eda a d\u00eda. Con lo cual lo estimado, la deuda de 24 millones de pesos estimada en junio, seguramente se habr\u00e1 incrementado.<br \/>\nPlanteado as\u00ed, parece complicado que la situaci\u00f3n se resuelva favorablemente, pero hay quienes no pierden las esperanzas. Sobre todo las trabajadores de la cl\u00ednica que a\u00fan hoy, despu\u00e9s de todos estos meses, contin\u00faan resguardando sus puestos de trabajo y el edificio.<\/p>\n","protected":false},"excerpt":{"rendered":"<p>Aunque parec\u00eda totalmente ca\u00edda la propuesta, existe una peque\u00f1a luz de esperanza. Lo cierto es que a\u00fan no se descarta la posibilidad de que la Coopser retome el proyecto de adquirir el centro asistencial. En realidad, siempre se dijo p\u00fablicamente que todo estaba latente, pero que el contexto cambiante de los \u00faltimos tiempos no permit\u00eda [&hellip;]<\/p>\n","protected":false},"author":4,"featured_media":6848,"comment_status":"open","ping_status":"closed","sticky":false,"template":"","format":"standard","meta":{"om_disable_all_campaigns":false,"_jetpack_memberships_contains_paid_content":false,"footnotes":""},"categories":[50,101,2],"tags":[],"class_list":["post-6847","post","type-post","status-publish","format-standard","has-post-thumbnail","hentry","category-destacadas","category-interes-general-locales","category-locales"],"aioseo_notices":[],"gutentor_comment":0,"jetpack_featured_media_url":"https:\/\/eldiariodesanpedro.com.ar\/sitio\/wp-content\/uploads\/2016\/08\/PAGINA-3-7.jpg","jetpack_shortlink":"https:\/\/wp.me\/p6RhLt-1Mr","jetpack_sharing_enabled":true,"_links":{"self":[{"href":"https:\/\/eldiariodesanpedro.com.ar\/sitio\/wp-json\/wp\/v2\/posts\/6847","targetHints":{"allow":["GET"]}}],"collection":[{"href":"https:\/\/eldiariodesanpedro.com.ar\/sitio\/wp-json\/wp\/v2\/posts"}],"about":[{"href":"https:\/\/eldiariodesanpedro.com.ar\/sitio\/wp-json\/wp\/v2\/types\/post"}],"author":[{"embeddable":true,"href":"https:\/\/eldiariodesanpedro.com.ar\/sitio\/wp-json\/wp\/v2\/users\/4"}],"replies":[{"embeddable":true,"href":"https:\/\/eldiariodesanpedro.com.ar\/sitio\/wp-json\/wp\/v2\/comments?post=6847"}],"version-history":[{"count":1,"href":"https:\/\/eldiariodesanpedro.com.ar\/sitio\/wp-json\/wp\/v2\/posts\/6847\/revisions"}],"predecessor-version":[{"id":6849,"href":"https:\/\/eldiariodesanpedro.com.ar\/sitio\/wp-json\/wp\/v2\/posts\/6847\/revisions\/6849"}],"wp:featuredmedia":[{"embeddable":true,"href":"https:\/\/eldiariodesanpedro.com.ar\/sitio\/wp-json\/wp\/v2\/media\/6848"}],"wp:attachment":[{"href":"https:\/\/eldiariodesanpedro.com.ar\/sitio\/wp-json\/wp\/v2\/media?parent=6847"}],"wp:term":[{"taxonomy":"category","embeddable":true,"href":"https:\/\/eldiariodesanpedro.com.ar\/sitio\/wp-json\/wp\/v2\/categories?post=6847"},{"taxonomy":"post_tag","embeddable":true,"href":"https:\/\/eldiariodesanpedro.com.ar\/sitio\/wp-json\/wp\/v2\/tags?post=6847"}],"curies":[{"name":"wp","href":"https:\/\/api.w.org\/{rel}","templated":true}]}}