{"id":6844,"date":"2016-08-07T21:39:37","date_gmt":"2016-08-08T00:39:37","guid":{"rendered":"https:\/\/eldiariodesanpedro.com.ar\/sitio\/?p=6844"},"modified":"2016-08-07T21:39:37","modified_gmt":"2016-08-08T00:39:37","slug":"daiana-casas-visito-a-la-diputada-claudia-calciano-y-al-intendente-salazar","status":"publish","type":"post","link":"https:\/\/eldiariodesanpedro.com.ar\/sitio\/daiana-casas-visito-a-la-diputada-claudia-calciano-y-al-intendente-salazar\/","title":{"rendered":"Daiana Casas visit\u00f3 a la diputada Claudia Calciano y al intendente Salazar"},"content":{"rendered":"<p><!-- VideographyWP Plugin Message: Automatic video embedding prevented by plugin options. --><br \/>\nLa legisladora porte\u00f1a estuvo el viernes en la ciudad para dar a conocer los alcances de la jornada que tendr\u00e1 lugar en San Pedro el pr\u00f3ximo 13 de agosto. A ra\u00edz del encuentro, el Municipio comunic\u00f3: \u00abEl domingo 15 de mayo pasado, al regreso de un partido de handball en San Nicol\u00e1s, Daiana Casas no se sent\u00eda bien y desde ese momento todo se transform\u00f3 en una complicaci\u00f3n, ella no sab\u00eda que estaba ante un ACV. Hoy 2 meses y medio despu\u00e9s ella se encuentra recuperada, y ayer (por el viernes) se reuni\u00f3 con el se\u00f1or intendente Cecilio Salazar, quien le present\u00f3 a Claudia Calciano, legisladora porte\u00f1a por el partido Fe en Capital, quien tambi\u00e9n hace varios a\u00f1os sufri\u00f3 un ACV con similares caracter\u00edsticas y se recuper\u00f3, dos historias que se juntan\u00bb.<br \/>\nEn tanto, en el comunicado, se reitera la convocatoria para la actividad que se desarrollar\u00e1 en torno a la tem\u00e1tica: \u00abConcientizarnos sobre este accidente que podemos sufrir cualquiera de nosotros es el comienzo para poder evitarlo, por eso el pr\u00f3ximo 13 de agosto se dispondr\u00e1 de un cerebro gigante para mostrar de manera gr\u00e1fica c\u00f3mo se produce un ACV y m\u00e9dicos har\u00e1n ecodopplers gratuitos para que la comunidad conozca si existen posibilidades de que sufra un accidente cerebrovascular\u00bb.<br \/>\nLa actividad que se llevar\u00e1 a cabo el s\u00e1bado pr\u00f3ximo se trata de una iniciativa impulsada por el especialista Pedro Lylyk, director de la cl\u00ednica La Sagrada Familia. Cuenta con el apoyo de la Fundaci\u00f3n para el Estudio de las Neurociencias y la Radiolog\u00eda Intervencionista (FENERI), la Asociaci\u00f3n Argentina de Ataque Cerebral (AAAC), el Instituto Obra M\u00e9dico Asistencial (IOMA), y la Secretar\u00eda de Salud bonaerense.<br \/>\nAdem\u00e1s del cerebro gigante, en diversas carpas se entregar\u00e1 material audiovisual y gr\u00e1fico, con informaci\u00f3n clave sobre el tema.<\/p>\n","protected":false},"excerpt":{"rendered":"<p>La legisladora porte\u00f1a estuvo el viernes en la ciudad para dar a conocer los alcances de la jornada que tendr\u00e1 lugar en San Pedro el pr\u00f3ximo 13 de agosto. A ra\u00edz del encuentro, el Municipio comunic\u00f3: \u00abEl domingo 15 de mayo pasado, al regreso de un partido de handball en San Nicol\u00e1s, Daiana Casas no [&hellip;]<\/p>\n","protected":false},"author":4,"featured_media":6845,"comment_status":"open","ping_status":"closed","sticky":false,"template":"","format":"standard","meta":{"om_disable_all_campaigns":false,"_jetpack_memberships_contains_paid_content":false,"footnotes":""},"categories":[101,2],"tags":[],"class_list":["post-6844","post","type-post","status-publish","format-standard","has-post-thumbnail","hentry","category-interes-general-locales","category-locales"],"aioseo_notices":[],"gutentor_comment":0,"jetpack_featured_media_url":"https:\/\/eldiariodesanpedro.com.ar\/sitio\/wp-content\/uploads\/2016\/08\/PAGINA-5-2.jpg","jetpack_shortlink":"https:\/\/wp.me\/p6RhLt-1Mo","jetpack_sharing_enabled":true,"_links":{"self":[{"href":"https:\/\/eldiariodesanpedro.com.ar\/sitio\/wp-json\/wp\/v2\/posts\/6844","targetHints":{"allow":["GET"]}}],"collection":[{"href":"https:\/\/eldiariodesanpedro.com.ar\/sitio\/wp-json\/wp\/v2\/posts"}],"about":[{"href":"https:\/\/eldiariodesanpedro.com.ar\/sitio\/wp-json\/wp\/v2\/types\/post"}],"author":[{"embeddable":true,"href":"https:\/\/eldiariodesanpedro.com.ar\/sitio\/wp-json\/wp\/v2\/users\/4"}],"replies":[{"embeddable":true,"href":"https:\/\/eldiariodesanpedro.com.ar\/sitio\/wp-json\/wp\/v2\/comments?post=6844"}],"version-history":[{"count":1,"href":"https:\/\/eldiariodesanpedro.com.ar\/sitio\/wp-json\/wp\/v2\/posts\/6844\/revisions"}],"predecessor-version":[{"id":6846,"href":"https:\/\/eldiariodesanpedro.com.ar\/sitio\/wp-json\/wp\/v2\/posts\/6844\/revisions\/6846"}],"wp:featuredmedia":[{"embeddable":true,"href":"https:\/\/eldiariodesanpedro.com.ar\/sitio\/wp-json\/wp\/v2\/media\/6845"}],"wp:attachment":[{"href":"https:\/\/eldiariodesanpedro.com.ar\/sitio\/wp-json\/wp\/v2\/media?parent=6844"}],"wp:term":[{"taxonomy":"category","embeddable":true,"href":"https:\/\/eldiariodesanpedro.com.ar\/sitio\/wp-json\/wp\/v2\/categories?post=6844"},{"taxonomy":"post_tag","embeddable":true,"href":"https:\/\/eldiariodesanpedro.com.ar\/sitio\/wp-json\/wp\/v2\/tags?post=6844"}],"curies":[{"name":"wp","href":"https:\/\/api.w.org\/{rel}","templated":true}]}}