{"id":6841,"date":"2016-08-07T21:38:38","date_gmt":"2016-08-08T00:38:38","guid":{"rendered":"https:\/\/eldiariodesanpedro.com.ar\/sitio\/?p=6841"},"modified":"2016-08-07T21:38:38","modified_gmt":"2016-08-08T00:38:38","slug":"militantes-del-fpv-piden-al-concejal-dalmy-butti-que-renuncie-a-su-banca","status":"publish","type":"post","link":"https:\/\/eldiariodesanpedro.com.ar\/sitio\/militantes-del-fpv-piden-al-concejal-dalmy-butti-que-renuncie-a-su-banca\/","title":{"rendered":"Militantes del FPV piden al concejal Dalmy Butti que \u00abrenuncie\u00bb a su banca"},"content":{"rendered":"<p><!-- VideographyWP Plugin Message: Automatic video embedding prevented by plugin options. --><br \/>\nLa situaci\u00f3n tom\u00f3 estado p\u00fablico a trav\u00e9s de una nota que fue redactada por integrantes de distintas agrupaciones que conforman hoy el Frente para la Victoria en la ciudad. \u00abSolicitamos al Sr. Dalmy Butti la devoluci\u00f3n de la banca de concejal que ocupa en el Honorable Concejo Deliberante\u00bb, expresaron en el comunicado.<br \/>\nCabe recordar que Dalmy Butti accedi\u00f3 a su banca como edil, en las elecciones del a\u00f1o 2013, encabezando la lista oficialista del por entonces intendente Pablo Guacone. Fue parte del bloque del Frente Para la Victoria en ese momento junto a Fabio Giovanettoni, Mart\u00edn Baraybar y Nicol\u00e1s Macchia. Luego que estos tres formaron parte del Ejecutivo municipal, tras la renuncia de Guacone y tras finalizar su mandato a fines del 2015, Butti conform\u00f3 un bloque unipersonal que denomin\u00f3 Espacio Independiente por San Pedro.<br \/>\nHoy quienes representan al FPV en la ciudad le reclaman la banca, porque consideran que no pertenece a dicho espacio pol\u00edtico por el que asumi\u00f3. Esto gener\u00f3 una gran pol\u00e9mica en quienes participaron en las elecciones de aquel entonces.<br \/>\nConsideran que \u00abtraicion\u00f3 a los ciudadanos que apoyaron con su voto las propuestas del proyecto pol\u00edtico que le permiti\u00f3 ocupar esa banca\u00bb en aquella oportunidad y consideraron que \u00abno puede tomarse a la pol\u00edtica como una bolsa de trabajo\u00bb. Y agregan a su vez: \u00abLlamamos a la reflexi\u00f3n al Sr. Butti para que asuma una actitud digna, respetando la voluntad popular de las ideas de quienes lo votaron\u00bb.<br \/>\nEn tanto que, en referencia a ello, el exsecretario de Econom\u00eda municipal, Roberto Borgo, respondi\u00f3 a trav\u00e9s de su Facebook: \u00abLos que no participaron del espacio en el 2013, ahora reclaman por los que fueron por \u00e9l\u00bb. Y agreg\u00f3: \u00abFuimos muy pocos los que trabajamos M\u00e1s en esa campa\u00f1a, hasta propios funcionarios desaparecieron. Mosquera particip\u00f3 de las Paso y luego se sum\u00f3, o sea se la rebanco. Los que no estuvieron se quer\u00edan despegar de la gesti\u00f3n. Seguramente la responsabilidad de Dalmy ser\u00e1 explicar por qu\u00e9 decidi\u00f3 no continuar. En pol\u00edtica la culpa no recae en quienes se van, sino en quienes expulsan. Nadie suma restando\u00bb.<\/p>\n","protected":false},"excerpt":{"rendered":"<p>La situaci\u00f3n tom\u00f3 estado p\u00fablico a trav\u00e9s de una nota que fue redactada por integrantes de distintas agrupaciones que conforman hoy el Frente para la Victoria en la ciudad. \u00abSolicitamos al Sr. Dalmy Butti la devoluci\u00f3n de la banca de concejal que ocupa en el Honorable Concejo Deliberante\u00bb, expresaron en el comunicado. Cabe recordar que [&hellip;]<\/p>\n","protected":false},"author":4,"featured_media":6842,"comment_status":"open","ping_status":"closed","sticky":false,"template":"","format":"standard","meta":{"om_disable_all_campaigns":false,"_jetpack_memberships_contains_paid_content":false,"footnotes":""},"categories":[50,2,102],"tags":[],"class_list":["post-6841","post","type-post","status-publish","format-standard","has-post-thumbnail","hentry","category-destacadas","category-locales","category-politica-locales"],"aioseo_notices":[],"gutentor_comment":0,"jetpack_featured_media_url":"https:\/\/eldiariodesanpedro.com.ar\/sitio\/wp-content\/uploads\/2016\/08\/dalmy_1.jpg","jetpack_shortlink":"https:\/\/wp.me\/p6RhLt-1Ml","jetpack_sharing_enabled":true,"_links":{"self":[{"href":"https:\/\/eldiariodesanpedro.com.ar\/sitio\/wp-json\/wp\/v2\/posts\/6841","targetHints":{"allow":["GET"]}}],"collection":[{"href":"https:\/\/eldiariodesanpedro.com.ar\/sitio\/wp-json\/wp\/v2\/posts"}],"about":[{"href":"https:\/\/eldiariodesanpedro.com.ar\/sitio\/wp-json\/wp\/v2\/types\/post"}],"author":[{"embeddable":true,"href":"https:\/\/eldiariodesanpedro.com.ar\/sitio\/wp-json\/wp\/v2\/users\/4"}],"replies":[{"embeddable":true,"href":"https:\/\/eldiariodesanpedro.com.ar\/sitio\/wp-json\/wp\/v2\/comments?post=6841"}],"version-history":[{"count":1,"href":"https:\/\/eldiariodesanpedro.com.ar\/sitio\/wp-json\/wp\/v2\/posts\/6841\/revisions"}],"predecessor-version":[{"id":6843,"href":"https:\/\/eldiariodesanpedro.com.ar\/sitio\/wp-json\/wp\/v2\/posts\/6841\/revisions\/6843"}],"wp:featuredmedia":[{"embeddable":true,"href":"https:\/\/eldiariodesanpedro.com.ar\/sitio\/wp-json\/wp\/v2\/media\/6842"}],"wp:attachment":[{"href":"https:\/\/eldiariodesanpedro.com.ar\/sitio\/wp-json\/wp\/v2\/media?parent=6841"}],"wp:term":[{"taxonomy":"category","embeddable":true,"href":"https:\/\/eldiariodesanpedro.com.ar\/sitio\/wp-json\/wp\/v2\/categories?post=6841"},{"taxonomy":"post_tag","embeddable":true,"href":"https:\/\/eldiariodesanpedro.com.ar\/sitio\/wp-json\/wp\/v2\/tags?post=6841"}],"curies":[{"name":"wp","href":"https:\/\/api.w.org\/{rel}","templated":true}]}}