{"id":6839,"date":"2016-08-07T21:36:35","date_gmt":"2016-08-08T00:36:35","guid":{"rendered":"https:\/\/eldiariodesanpedro.com.ar\/sitio\/?p=6839"},"modified":"2016-08-07T21:36:35","modified_gmt":"2016-08-08T00:36:35","slug":"se-hara-la-exposicion-megabestias-en-el-museo-paleontologico","status":"publish","type":"post","link":"https:\/\/eldiariodesanpedro.com.ar\/sitio\/se-hara-la-exposicion-megabestias-en-el-museo-paleontologico\/","title":{"rendered":"Se har\u00e1 la exposici\u00f3n \u201cMegabestias\u201d en el Museo Paleontol\u00f3gico"},"content":{"rendered":"<p><!-- VideographyWP Plugin Message: Automatic video embedding prevented by plugin options. --><br \/>\nLa muestra de paleoarte o relick art est\u00e1 compuesta de numerosas creaciones a escala de diversas especies animales que habitaron la llanura pampeana durante la prehistoria, del artista Miguel Angel Lugo.<br \/>\nArmadillos gigantes, caballos f\u00f3siles, grandes perezosos extintos y curiosos mam\u00edferos como macrauchenia y celidoterio, o carn\u00edvoros como el tigre \u201cdientes de sable\u201d o el Theriodictis, tendr\u00e1n su espacio en las vitrinas de la Sala Dr. Ricardo Pasquali del museo sampedrino.<br \/>\nEl paleoartista Miguel \u00c1ngel Lugo pone a disposici\u00f3n de los visitantes su generoso talento para transportarnos a un pasado lejano mediante t\u00e9cnicas que recrean las formas y caracter\u00edsticas de especies desaparecidas.<br \/>\nQuienes deseen visitar esta expresi\u00f3n del arte paleontol\u00f3gico, podr\u00e1n hacerlo desde el mi\u00e9rcoles 10 al domingo 21 de agosto, en las instalaciones del museo, ubicado en Carlos Pellegrini 145.<\/p>\n","protected":false},"excerpt":{"rendered":"<p>La muestra de paleoarte o relick art est\u00e1 compuesta de numerosas creaciones a escala de diversas especies animales que habitaron la llanura pampeana durante la prehistoria, del artista Miguel Angel Lugo. Armadillos gigantes, caballos f\u00f3siles, grandes perezosos extintos y curiosos mam\u00edferos como macrauchenia y celidoterio, o carn\u00edvoros como el tigre \u201cdientes de sable\u201d o el [&hellip;]<\/p>\n","protected":false},"author":4,"featured_media":4541,"comment_status":"open","ping_status":"closed","sticky":false,"template":"","format":"standard","meta":{"om_disable_all_campaigns":false,"_jetpack_memberships_contains_paid_content":false,"footnotes":""},"categories":[101,2],"tags":[],"class_list":["post-6839","post","type-post","status-publish","format-standard","has-post-thumbnail","hentry","category-interes-general-locales","category-locales"],"aioseo_notices":[],"gutentor_comment":0,"jetpack_featured_media_url":"https:\/\/eldiariodesanpedro.com.ar\/sitio\/wp-content\/uploads\/2016\/05\/museo_paleontologico_san_pedro.jpg","jetpack_shortlink":"https:\/\/wp.me\/p6RhLt-1Mj","jetpack_sharing_enabled":true,"_links":{"self":[{"href":"https:\/\/eldiariodesanpedro.com.ar\/sitio\/wp-json\/wp\/v2\/posts\/6839","targetHints":{"allow":["GET"]}}],"collection":[{"href":"https:\/\/eldiariodesanpedro.com.ar\/sitio\/wp-json\/wp\/v2\/posts"}],"about":[{"href":"https:\/\/eldiariodesanpedro.com.ar\/sitio\/wp-json\/wp\/v2\/types\/post"}],"author":[{"embeddable":true,"href":"https:\/\/eldiariodesanpedro.com.ar\/sitio\/wp-json\/wp\/v2\/users\/4"}],"replies":[{"embeddable":true,"href":"https:\/\/eldiariodesanpedro.com.ar\/sitio\/wp-json\/wp\/v2\/comments?post=6839"}],"version-history":[{"count":1,"href":"https:\/\/eldiariodesanpedro.com.ar\/sitio\/wp-json\/wp\/v2\/posts\/6839\/revisions"}],"predecessor-version":[{"id":6840,"href":"https:\/\/eldiariodesanpedro.com.ar\/sitio\/wp-json\/wp\/v2\/posts\/6839\/revisions\/6840"}],"wp:featuredmedia":[{"embeddable":true,"href":"https:\/\/eldiariodesanpedro.com.ar\/sitio\/wp-json\/wp\/v2\/media\/4541"}],"wp:attachment":[{"href":"https:\/\/eldiariodesanpedro.com.ar\/sitio\/wp-json\/wp\/v2\/media?parent=6839"}],"wp:term":[{"taxonomy":"category","embeddable":true,"href":"https:\/\/eldiariodesanpedro.com.ar\/sitio\/wp-json\/wp\/v2\/categories?post=6839"},{"taxonomy":"post_tag","embeddable":true,"href":"https:\/\/eldiariodesanpedro.com.ar\/sitio\/wp-json\/wp\/v2\/tags?post=6839"}],"curies":[{"name":"wp","href":"https:\/\/api.w.org\/{rel}","templated":true}]}}