{"id":6836,"date":"2016-08-07T21:35:54","date_gmt":"2016-08-08T00:35:54","guid":{"rendered":"https:\/\/eldiariodesanpedro.com.ar\/sitio\/?p=6836"},"modified":"2016-08-07T21:35:54","modified_gmt":"2016-08-08T00:35:54","slug":"reunion-con-vecinos-de-vuelta-de-obligado","status":"publish","type":"post","link":"https:\/\/eldiariodesanpedro.com.ar\/sitio\/reunion-con-vecinos-de-vuelta-de-obligado\/","title":{"rendered":"Reuni\u00f3n con vecinos de Vuelta de Obligado"},"content":{"rendered":"<p><!-- VideographyWP Plugin Message: Automatic video embedding prevented by plugin options. --><br \/>\nEn la tarde de ayer, los representantes del \u00e1rea de salud mantuvieron un encuentro con los vecinos de Vuelta de Obligado.<br \/>\nEstuvieron presentes el secretario, Dr. Edgar Britos, el director de Centros de Salud, Dr. Carlos Insfran, la directora del Hospital de Gobernador Castro, Psic. Daniela Alves, el responsable de enfermer\u00eda de los Centros de Salud, Diego Lafalce, y Hugo Borda, encargado municipal del paraje.<br \/>\nEl objetivo fue dialogar con integrantes de la Comisi\u00f3n de Fomento, prestadores tur\u00edsticos y vecinos, para conocer las problem\u00e1ticas y necesidades de los pobladores en materia de salud, con el prop\u00f3sito de acercar todas las soluciones posibles a estas demandas.<\/p>\n","protected":false},"excerpt":{"rendered":"<p>En la tarde de ayer, los representantes del \u00e1rea de salud mantuvieron un encuentro con los vecinos de Vuelta de Obligado. Estuvieron presentes el secretario, Dr. Edgar Britos, el director de Centros de Salud, Dr. Carlos Insfran, la directora del Hospital de Gobernador Castro, Psic. Daniela Alves, el responsable de enfermer\u00eda de los Centros de [&hellip;]<\/p>\n","protected":false},"author":4,"featured_media":6837,"comment_status":"open","ping_status":"closed","sticky":false,"template":"","format":"standard","meta":{"om_disable_all_campaigns":false,"_jetpack_memberships_contains_paid_content":false,"footnotes":""},"categories":[101,2],"tags":[],"class_list":["post-6836","post","type-post","status-publish","format-standard","has-post-thumbnail","hentry","category-interes-general-locales","category-locales"],"aioseo_notices":[],"gutentor_comment":0,"jetpack_featured_media_url":"https:\/\/eldiariodesanpedro.com.ar\/sitio\/wp-content\/uploads\/2016\/08\/PAGINA-4-02-2.jpg","jetpack_shortlink":"https:\/\/wp.me\/p6RhLt-1Mg","jetpack_sharing_enabled":true,"_links":{"self":[{"href":"https:\/\/eldiariodesanpedro.com.ar\/sitio\/wp-json\/wp\/v2\/posts\/6836","targetHints":{"allow":["GET"]}}],"collection":[{"href":"https:\/\/eldiariodesanpedro.com.ar\/sitio\/wp-json\/wp\/v2\/posts"}],"about":[{"href":"https:\/\/eldiariodesanpedro.com.ar\/sitio\/wp-json\/wp\/v2\/types\/post"}],"author":[{"embeddable":true,"href":"https:\/\/eldiariodesanpedro.com.ar\/sitio\/wp-json\/wp\/v2\/users\/4"}],"replies":[{"embeddable":true,"href":"https:\/\/eldiariodesanpedro.com.ar\/sitio\/wp-json\/wp\/v2\/comments?post=6836"}],"version-history":[{"count":1,"href":"https:\/\/eldiariodesanpedro.com.ar\/sitio\/wp-json\/wp\/v2\/posts\/6836\/revisions"}],"predecessor-version":[{"id":6838,"href":"https:\/\/eldiariodesanpedro.com.ar\/sitio\/wp-json\/wp\/v2\/posts\/6836\/revisions\/6838"}],"wp:featuredmedia":[{"embeddable":true,"href":"https:\/\/eldiariodesanpedro.com.ar\/sitio\/wp-json\/wp\/v2\/media\/6837"}],"wp:attachment":[{"href":"https:\/\/eldiariodesanpedro.com.ar\/sitio\/wp-json\/wp\/v2\/media?parent=6836"}],"wp:term":[{"taxonomy":"category","embeddable":true,"href":"https:\/\/eldiariodesanpedro.com.ar\/sitio\/wp-json\/wp\/v2\/categories?post=6836"},{"taxonomy":"post_tag","embeddable":true,"href":"https:\/\/eldiariodesanpedro.com.ar\/sitio\/wp-json\/wp\/v2\/tags?post=6836"}],"curies":[{"name":"wp","href":"https:\/\/api.w.org\/{rel}","templated":true}]}}