{"id":6833,"date":"2016-08-07T21:35:18","date_gmt":"2016-08-08T00:35:18","guid":{"rendered":"https:\/\/eldiariodesanpedro.com.ar\/sitio\/?p=6833"},"modified":"2016-08-07T21:35:18","modified_gmt":"2016-08-08T00:35:18","slug":"el-cdr-entrego-elementos-a-familias-necesitadas","status":"publish","type":"post","link":"https:\/\/eldiariodesanpedro.com.ar\/sitio\/el-cdr-entrego-elementos-a-familias-necesitadas\/","title":{"rendered":"El CDR entreg\u00f3 elementos a familias necesitadas"},"content":{"rendered":"<p><!-- VideographyWP Plugin Message: Automatic video embedding prevented by plugin options. --><br \/>\nLa actividad fue llevada a cabo por personal del Centro de Referencia, dependiente del Ministerio de Desarrollo Humano de la Naci\u00f3n, encabezado por su articulador Jos\u00e9 Franchini y acompa\u00f1ado por los ediles Horacio Neyra y Andrea Maroli, m\u00e1s la colaboraci\u00f3n de Ariel Alvarez, Orlando Mendoza y Hugo Borda.<br \/>\nSe hizo entrega en la ciudad y en localidades a unas 30 familias que fueron relevadas por el CDR: 10 frazadas de 2 plazas, 6 s\u00e1banas 2 plazas, 17 cocinas, 2 lavarropas, 1 estufa, 131 chapas, 131 tirantes, 6 puertas de chapa reforzada, 15 roperos, 11 mesas, 73 sillas, 8 calefones, 8 grifer\u00edas de lavatorio, 4 grifer\u00edas de ducha, 7 puertas placa, 9 lavatorios con pie, 11 inodoros con mochila y asiento, 61 colchones de 1 plaza, 52 frazadas de 1 plaza, 22 camas cucheta, 14 colchones de 2 plazas, 10 camas de 1 plaza, 11 camas de 2 plazas, 4 rollos de membrana, 5 ventanas, 22 s\u00e1banas de 1 plaza y 29 clavaderas.<br \/>\nSe trata de elementos brindados por el Ministerio para familias en estado de emergencia.<\/p>\n","protected":false},"excerpt":{"rendered":"<p>La actividad fue llevada a cabo por personal del Centro de Referencia, dependiente del Ministerio de Desarrollo Humano de la Naci\u00f3n, encabezado por su articulador Jos\u00e9 Franchini y acompa\u00f1ado por los ediles Horacio Neyra y Andrea Maroli, m\u00e1s la colaboraci\u00f3n de Ariel Alvarez, Orlando Mendoza y Hugo Borda. Se hizo entrega en la ciudad y [&hellip;]<\/p>\n","protected":false},"author":4,"featured_media":6834,"comment_status":"open","ping_status":"closed","sticky":false,"template":"","format":"standard","meta":{"om_disable_all_campaigns":false,"_jetpack_memberships_contains_paid_content":false,"footnotes":""},"categories":[50,101,2],"tags":[],"class_list":["post-6833","post","type-post","status-publish","format-standard","has-post-thumbnail","hentry","category-destacadas","category-interes-general-locales","category-locales"],"aioseo_notices":[],"gutentor_comment":0,"jetpack_featured_media_url":"https:\/\/eldiariodesanpedro.com.ar\/sitio\/wp-content\/uploads\/2016\/08\/PAGINA-4-01-2.jpg","jetpack_shortlink":"https:\/\/wp.me\/p6RhLt-1Md","jetpack_sharing_enabled":true,"_links":{"self":[{"href":"https:\/\/eldiariodesanpedro.com.ar\/sitio\/wp-json\/wp\/v2\/posts\/6833","targetHints":{"allow":["GET"]}}],"collection":[{"href":"https:\/\/eldiariodesanpedro.com.ar\/sitio\/wp-json\/wp\/v2\/posts"}],"about":[{"href":"https:\/\/eldiariodesanpedro.com.ar\/sitio\/wp-json\/wp\/v2\/types\/post"}],"author":[{"embeddable":true,"href":"https:\/\/eldiariodesanpedro.com.ar\/sitio\/wp-json\/wp\/v2\/users\/4"}],"replies":[{"embeddable":true,"href":"https:\/\/eldiariodesanpedro.com.ar\/sitio\/wp-json\/wp\/v2\/comments?post=6833"}],"version-history":[{"count":1,"href":"https:\/\/eldiariodesanpedro.com.ar\/sitio\/wp-json\/wp\/v2\/posts\/6833\/revisions"}],"predecessor-version":[{"id":6835,"href":"https:\/\/eldiariodesanpedro.com.ar\/sitio\/wp-json\/wp\/v2\/posts\/6833\/revisions\/6835"}],"wp:featuredmedia":[{"embeddable":true,"href":"https:\/\/eldiariodesanpedro.com.ar\/sitio\/wp-json\/wp\/v2\/media\/6834"}],"wp:attachment":[{"href":"https:\/\/eldiariodesanpedro.com.ar\/sitio\/wp-json\/wp\/v2\/media?parent=6833"}],"wp:term":[{"taxonomy":"category","embeddable":true,"href":"https:\/\/eldiariodesanpedro.com.ar\/sitio\/wp-json\/wp\/v2\/categories?post=6833"},{"taxonomy":"post_tag","embeddable":true,"href":"https:\/\/eldiariodesanpedro.com.ar\/sitio\/wp-json\/wp\/v2\/tags?post=6833"}],"curies":[{"name":"wp","href":"https:\/\/api.w.org\/{rel}","templated":true}]}}