{"id":6831,"date":"2016-08-07T21:30:01","date_gmt":"2016-08-08T00:30:01","guid":{"rendered":"https:\/\/eldiariodesanpedro.com.ar\/sitio\/?p=6831"},"modified":"2016-08-07T21:30:01","modified_gmt":"2016-08-08T00:30:01","slug":"los-jubilados-y-sus-abogados-deberan-registrar-su-huella-digital-en-las-oficinas-de-la-anses","status":"publish","type":"post","link":"https:\/\/eldiariodesanpedro.com.ar\/sitio\/los-jubilados-y-sus-abogados-deberan-registrar-su-huella-digital-en-las-oficinas-de-la-anses\/","title":{"rendered":"Los jubilados y sus abogados deber\u00e1n registrar su huella digital en las oficinas de la ANSES"},"content":{"rendered":"<p><!-- VideographyWP Plugin Message: Automatic video embedding prevented by plugin options. --><br \/>\nPara realizar el tr\u00e1mite, podr\u00e1n solicitar un turno en www.anses.gob.ar. Solo tendr\u00e1n que enrolarse aquellos que hasta ahora no lo hayan hecho.<br \/>\nLa ANSES informa que, a partir de ahora y en el marco del Programa de Reparaci\u00f3n Hist\u00f3rica, los jubilados y sus abogados que a\u00fan no hubieran registrado su huella digital en el sistema de identificaci\u00f3n biom\u00e9trica deber\u00e1n solicitar un turno en www.anses.gob.ar para hacer el tr\u00e1mite en las oficinas del organismo.<br \/>\nPara ello, deber\u00e1n ingresar en la secci\u00f3n Turnos Online que se encuentra en la pantalla principal del sitio, elegir Solicitar turno, opci\u00f3n Mi Huella y optar por el tr\u00e1mite Mi Huella &#8211; Enrolamiento. Posteriormente, indicar\u00e1n su n\u00famero de CUIL, sus datos de contacto y har\u00e1n clic en Continuar.<br \/>\nEl siguiente paso ser\u00e1 elegir la oficina de la ANSES para efectuar el tr\u00e1mite y la franja horaria deseada. As\u00ed, la persona obtendr\u00e1 la constancia de turno, que contendr\u00e1 el n\u00famero de solicitud, la delegaci\u00f3n correspondiente, el d\u00eda y el horario asignado y el nombre y apellido del solicitante. Este deber\u00e1 presentarse con el DNI y la documentaci\u00f3n necesaria para iniciar el tr\u00e1mite.<br \/>\nAsimismo, los abogados deber\u00e1n generar su Clave de la Seguridad Social a trav\u00e9s del sitio web de la ANSES e imprimir el Formulario USI 07 para habilitarla en la oficina elegida.<\/p>\n<p>C\u00f3mo consultar si los jubilados est\u00e1n alcanzados por este programa<\/p>\n<p>En www.anses.gob.ar\/reparacionhistorica, los jubilados y pensionados deber\u00e1n elegir Iniciar tr\u00e1mite para saber si est\u00e1n alcanzados por este programa, y seguir los siguientes pasos:<br \/>\n1.    Ingresar en www.anses.gob.ar, secci\u00f3n Mi ANSES, con la Clave de la Seguridad Social.<br \/>\n2.    Actualizar los datos personales en el \u00edcono de contacto.<br \/>\n3.    Ingresar en www.anses.gob.ar\/reparacionhistorica donde el sistema le informar\u00e1 si est\u00e1 incluido o no.<br \/>\n4.    A partir de septiembre, los que deseen adherir al acuerdo podr\u00e1n comenzar los tr\u00e1mites.<br \/>\nIMPORTANTE: los abogados deber\u00e1n registrar su huella digital una sola vez ante la ANSES y el mismo registro sirve para todos sus representados.<\/p>\n","protected":false},"excerpt":{"rendered":"<p>Para realizar el tr\u00e1mite, podr\u00e1n solicitar un turno en www.anses.gob.ar. Solo tendr\u00e1n que enrolarse aquellos que hasta ahora no lo hayan hecho. La ANSES informa que, a partir de ahora y en el marco del Programa de Reparaci\u00f3n Hist\u00f3rica, los jubilados y sus abogados que a\u00fan no hubieran registrado su huella digital en el sistema [&hellip;]<\/p>\n","protected":false},"author":4,"featured_media":5359,"comment_status":"open","ping_status":"closed","sticky":false,"template":"","format":"standard","meta":{"om_disable_all_campaigns":false,"_jetpack_memberships_contains_paid_content":false,"footnotes":""},"categories":[101,2],"tags":[],"class_list":["post-6831","post","type-post","status-publish","format-standard","has-post-thumbnail","hentry","category-interes-general-locales","category-locales"],"aioseo_notices":[],"gutentor_comment":0,"jetpack_featured_media_url":"https:\/\/eldiariodesanpedro.com.ar\/sitio\/wp-content\/uploads\/2016\/06\/anses.jpg","jetpack_shortlink":"https:\/\/wp.me\/p6RhLt-1Mb","jetpack_sharing_enabled":true,"_links":{"self":[{"href":"https:\/\/eldiariodesanpedro.com.ar\/sitio\/wp-json\/wp\/v2\/posts\/6831","targetHints":{"allow":["GET"]}}],"collection":[{"href":"https:\/\/eldiariodesanpedro.com.ar\/sitio\/wp-json\/wp\/v2\/posts"}],"about":[{"href":"https:\/\/eldiariodesanpedro.com.ar\/sitio\/wp-json\/wp\/v2\/types\/post"}],"author":[{"embeddable":true,"href":"https:\/\/eldiariodesanpedro.com.ar\/sitio\/wp-json\/wp\/v2\/users\/4"}],"replies":[{"embeddable":true,"href":"https:\/\/eldiariodesanpedro.com.ar\/sitio\/wp-json\/wp\/v2\/comments?post=6831"}],"version-history":[{"count":1,"href":"https:\/\/eldiariodesanpedro.com.ar\/sitio\/wp-json\/wp\/v2\/posts\/6831\/revisions"}],"predecessor-version":[{"id":6832,"href":"https:\/\/eldiariodesanpedro.com.ar\/sitio\/wp-json\/wp\/v2\/posts\/6831\/revisions\/6832"}],"wp:featuredmedia":[{"embeddable":true,"href":"https:\/\/eldiariodesanpedro.com.ar\/sitio\/wp-json\/wp\/v2\/media\/5359"}],"wp:attachment":[{"href":"https:\/\/eldiariodesanpedro.com.ar\/sitio\/wp-json\/wp\/v2\/media?parent=6831"}],"wp:term":[{"taxonomy":"category","embeddable":true,"href":"https:\/\/eldiariodesanpedro.com.ar\/sitio\/wp-json\/wp\/v2\/categories?post=6831"},{"taxonomy":"post_tag","embeddable":true,"href":"https:\/\/eldiariodesanpedro.com.ar\/sitio\/wp-json\/wp\/v2\/tags?post=6831"}],"curies":[{"name":"wp","href":"https:\/\/api.w.org\/{rel}","templated":true}]}}