{"id":6816,"date":"2016-08-05T18:48:17","date_gmt":"2016-08-05T21:48:17","guid":{"rendered":"https:\/\/eldiariodesanpedro.com.ar\/sitio\/?p=6816"},"modified":"2016-08-05T18:48:17","modified_gmt":"2016-08-05T21:48:17","slug":"nueva-ropa-de-trabajo-para-trabajadores-municipales","status":"publish","type":"post","link":"https:\/\/eldiariodesanpedro.com.ar\/sitio\/nueva-ropa-de-trabajo-para-trabajadores-municipales\/","title":{"rendered":"Nueva ropa de trabajo para trabajadores municipales"},"content":{"rendered":"<p><!-- VideographyWP Plugin Message: Automatic video embedding prevented by plugin options. --><br \/>\nEsta semana se realiz\u00f3 la entrega de ropa para los empleados municipales, \u00abestamos orgullosos de poder brindar a nuestros trabajadores sus herramientas para llevar adelante sus tareas, despu\u00e9s de tantos a\u00f1os en los cuales no tuvieron la retribuci\u00f3n merecida\u00bb, manifestaron desde el Municipio en una publicaci\u00f3n del Facebook.<br \/>\n\u00abUn trabajador conforme, es un trabajador que lleva a cabo sus tareas con eficiencia y compromiso, estamos trabajando para que cada vecino de San Pedro tenga un trabajo digno\u00bb, se\u00f1alaron seguidamente en la informaci\u00f3n de prensa.<\/p>\n","protected":false},"excerpt":{"rendered":"<p>Esta semana se realiz\u00f3 la entrega de ropa para los empleados municipales, \u00abestamos orgullosos de poder brindar a nuestros trabajadores sus herramientas para llevar adelante sus tareas, despu\u00e9s de tantos a\u00f1os en los cuales no tuvieron la retribuci\u00f3n merecida\u00bb, manifestaron desde el Municipio en una publicaci\u00f3n del Facebook. \u00abUn trabajador conforme, es un trabajador que [&hellip;]<\/p>\n","protected":false},"author":4,"featured_media":6818,"comment_status":"open","ping_status":"closed","sticky":false,"template":"","format":"standard","meta":{"om_disable_all_campaigns":false,"_jetpack_memberships_contains_paid_content":false,"footnotes":""},"categories":[101,2],"tags":[],"class_list":["post-6816","post","type-post","status-publish","format-standard","has-post-thumbnail","hentry","category-interes-general-locales","category-locales"],"aioseo_notices":[],"gutentor_comment":0,"jetpack_featured_media_url":"https:\/\/eldiariodesanpedro.com.ar\/sitio\/wp-content\/uploads\/2016\/08\/Nueva-ropa-de-trabajo-municipio.jpg","jetpack_shortlink":"https:\/\/wp.me\/p6RhLt-1LW","jetpack_sharing_enabled":true,"_links":{"self":[{"href":"https:\/\/eldiariodesanpedro.com.ar\/sitio\/wp-json\/wp\/v2\/posts\/6816","targetHints":{"allow":["GET"]}}],"collection":[{"href":"https:\/\/eldiariodesanpedro.com.ar\/sitio\/wp-json\/wp\/v2\/posts"}],"about":[{"href":"https:\/\/eldiariodesanpedro.com.ar\/sitio\/wp-json\/wp\/v2\/types\/post"}],"author":[{"embeddable":true,"href":"https:\/\/eldiariodesanpedro.com.ar\/sitio\/wp-json\/wp\/v2\/users\/4"}],"replies":[{"embeddable":true,"href":"https:\/\/eldiariodesanpedro.com.ar\/sitio\/wp-json\/wp\/v2\/comments?post=6816"}],"version-history":[{"count":1,"href":"https:\/\/eldiariodesanpedro.com.ar\/sitio\/wp-json\/wp\/v2\/posts\/6816\/revisions"}],"predecessor-version":[{"id":6819,"href":"https:\/\/eldiariodesanpedro.com.ar\/sitio\/wp-json\/wp\/v2\/posts\/6816\/revisions\/6819"}],"wp:featuredmedia":[{"embeddable":true,"href":"https:\/\/eldiariodesanpedro.com.ar\/sitio\/wp-json\/wp\/v2\/media\/6818"}],"wp:attachment":[{"href":"https:\/\/eldiariodesanpedro.com.ar\/sitio\/wp-json\/wp\/v2\/media?parent=6816"}],"wp:term":[{"taxonomy":"category","embeddable":true,"href":"https:\/\/eldiariodesanpedro.com.ar\/sitio\/wp-json\/wp\/v2\/categories?post=6816"},{"taxonomy":"post_tag","embeddable":true,"href":"https:\/\/eldiariodesanpedro.com.ar\/sitio\/wp-json\/wp\/v2\/tags?post=6816"}],"curies":[{"name":"wp","href":"https:\/\/api.w.org\/{rel}","templated":true}]}}