{"id":6814,"date":"2016-08-05T18:46:56","date_gmt":"2016-08-05T21:46:56","guid":{"rendered":"https:\/\/eldiariodesanpedro.com.ar\/sitio\/?p=6814"},"modified":"2016-08-05T18:46:56","modified_gmt":"2016-08-05T21:46:56","slug":"el-municipio-advierte-a-automovilistas-que-circulen-con-precaucion-en-la-ruta-1001","status":"publish","type":"post","link":"https:\/\/eldiariodesanpedro.com.ar\/sitio\/el-municipio-advierte-a-automovilistas-que-circulen-con-precaucion-en-la-ruta-1001\/","title":{"rendered":"El Municipio advierte a automovilistas que circulen con precauci\u00f3n en la Ruta 1001"},"content":{"rendered":"<p><!-- VideographyWP Plugin Message: Automatic video embedding prevented by plugin options. --><br \/>\nLa Direcci\u00f3n de Tr\u00e1nsito y Nocturnidad comunica a las personas que circulan por la Ruta 1001, entre Crucero Gral. Belgrano y R\u00edo Tala, hacerlo con precauci\u00f3n debido a que en la zona se encuentran trabajando maquinarias que llevan a cabo la reparaci\u00f3n de la calzada, existiendo sectores sin se\u00f1alizar.<\/p>\n","protected":false},"excerpt":{"rendered":"<p>La Direcci\u00f3n de Tr\u00e1nsito y Nocturnidad comunica a las personas que circulan por la Ruta 1001, entre Crucero Gral. Belgrano y R\u00edo Tala, hacerlo con precauci\u00f3n debido a que en la zona se encuentran trabajando maquinarias que llevan a cabo la reparaci\u00f3n de la calzada, existiendo sectores sin se\u00f1alizar.<\/p>\n","protected":false},"author":4,"featured_media":6730,"comment_status":"open","ping_status":"closed","sticky":false,"template":"","format":"standard","meta":{"om_disable_all_campaigns":false,"_jetpack_memberships_contains_paid_content":false,"footnotes":""},"categories":[101,2],"tags":[],"class_list":["post-6814","post","type-post","status-publish","format-standard","has-post-thumbnail","hentry","category-interes-general-locales","category-locales"],"aioseo_notices":[],"gutentor_comment":0,"jetpack_featured_media_url":"https:\/\/eldiariodesanpedro.com.ar\/sitio\/wp-content\/uploads\/2016\/08\/1001-trabajos.jpg","jetpack_shortlink":"https:\/\/wp.me\/p6RhLt-1LU","jetpack_sharing_enabled":true,"_links":{"self":[{"href":"https:\/\/eldiariodesanpedro.com.ar\/sitio\/wp-json\/wp\/v2\/posts\/6814","targetHints":{"allow":["GET"]}}],"collection":[{"href":"https:\/\/eldiariodesanpedro.com.ar\/sitio\/wp-json\/wp\/v2\/posts"}],"about":[{"href":"https:\/\/eldiariodesanpedro.com.ar\/sitio\/wp-json\/wp\/v2\/types\/post"}],"author":[{"embeddable":true,"href":"https:\/\/eldiariodesanpedro.com.ar\/sitio\/wp-json\/wp\/v2\/users\/4"}],"replies":[{"embeddable":true,"href":"https:\/\/eldiariodesanpedro.com.ar\/sitio\/wp-json\/wp\/v2\/comments?post=6814"}],"version-history":[{"count":1,"href":"https:\/\/eldiariodesanpedro.com.ar\/sitio\/wp-json\/wp\/v2\/posts\/6814\/revisions"}],"predecessor-version":[{"id":6815,"href":"https:\/\/eldiariodesanpedro.com.ar\/sitio\/wp-json\/wp\/v2\/posts\/6814\/revisions\/6815"}],"wp:featuredmedia":[{"embeddable":true,"href":"https:\/\/eldiariodesanpedro.com.ar\/sitio\/wp-json\/wp\/v2\/media\/6730"}],"wp:attachment":[{"href":"https:\/\/eldiariodesanpedro.com.ar\/sitio\/wp-json\/wp\/v2\/media?parent=6814"}],"wp:term":[{"taxonomy":"category","embeddable":true,"href":"https:\/\/eldiariodesanpedro.com.ar\/sitio\/wp-json\/wp\/v2\/categories?post=6814"},{"taxonomy":"post_tag","embeddable":true,"href":"https:\/\/eldiariodesanpedro.com.ar\/sitio\/wp-json\/wp\/v2\/tags?post=6814"}],"curies":[{"name":"wp","href":"https:\/\/api.w.org\/{rel}","templated":true}]}}