{"id":6811,"date":"2016-08-05T18:43:50","date_gmt":"2016-08-05T21:43:50","guid":{"rendered":"https:\/\/eldiariodesanpedro.com.ar\/sitio\/?p=6811"},"modified":"2016-08-05T18:54:58","modified_gmt":"2016-08-05T21:54:58","slug":"tras-el-analisis-del-ejercicio-2014-el-tribunal-de-cuentas-multo-a-guacone-en-20-mil","status":"publish","type":"post","link":"https:\/\/eldiariodesanpedro.com.ar\/sitio\/tras-el-analisis-del-ejercicio-2014-el-tribunal-de-cuentas-multo-a-guacone-en-20-mil\/","title":{"rendered":"Tras el an\u00e1lisis del ejercicio 2014, el Tribunal de Cuentas mult\u00f3 a Guacone en $20 mil"},"content":{"rendered":"<p><!-- VideographyWP Plugin Message: Automatic video embedding prevented by plugin options. --><br \/>\nSeg\u00fan la revista \u201cLa Tecla\u201d el ex Intendente Municipal Pablo Guacone recibi\u00f3 una multa de 20 mil pesos. Tambi\u00e9n fue sancionado en 12 y 8 mil a dos personas que se desempe\u00f1aban en la tesorer\u00eda, tras el an\u00e1lisis del ejercicio 2014.<br \/>\nEntre otras irregularidades se destaca el aporte fuera de t\u00e9rmino de los decretos de designaci\u00f3n de responsables de las unidades ejecutoras.<br \/>\nMillones de pesos se juntar\u00edan en un rato si intendentes y ex intendentes depositaran todos a la vez el dinero correspondiente a las multas y cargos impuestos por las irregularidades cometidas. M\u00e1s de 90 sancionados.<br \/>\nEl a\u00f1o previo a la \u00faltima elecci\u00f3n result\u00f3 complicado para los municipios bonaerenses. As\u00ed se deja entrever en los fallos del Tribunal de Cuentas de la Provincia, el cual si bien aprob\u00f3 la totalidad de las rendiciones de cuentas 2014, sancion\u00f3 con multas y cargos a casi un centenar de intendentes. Las cifras son millonarias.<br \/>\nA partir de la notificaci\u00f3n, tanto para las multas como para los cargos, los informados tuvieron un plazo de noventa d\u00edas para proceder a depositar los pertinentes importes en el Bapro, a la orden del Presidente del Tribunal, debiendo luego informar de manera fehaciente la realizaci\u00f3n de la operaci\u00f3n; para despu\u00e9s dar intervenci\u00f3n al Fiscal de Estado.<br \/>\nAsimismo, se les hace saber en el mismo fallo que la sentencia podr\u00e1 ser recurrida dentro del plazo de quince d\u00edas conforme lo establecido en el art\u00edculo 38 de la Ley N\u00ba 10.869 y sus modificatorias.<\/p>\n","protected":false},"excerpt":{"rendered":"<p>Seg\u00fan la revista \u201cLa Tecla\u201d el ex Intendente Municipal Pablo Guacone recibi\u00f3 una multa de 20 mil pesos. Tambi\u00e9n fue sancionado en 12 y 8 mil a dos personas que se desempe\u00f1aban en la tesorer\u00eda, tras el an\u00e1lisis del ejercicio 2014. Entre otras irregularidades se destaca el aporte fuera de t\u00e9rmino de los decretos de [&hellip;]<\/p>\n","protected":false},"author":4,"featured_media":6826,"comment_status":"open","ping_status":"closed","sticky":false,"template":"","format":"standard","meta":{"om_disable_all_campaigns":false,"_jetpack_memberships_contains_paid_content":false,"footnotes":""},"categories":[50,101,2],"tags":[],"class_list":["post-6811","post","type-post","status-publish","format-standard","has-post-thumbnail","hentry","category-destacadas","category-interes-general-locales","category-locales"],"aioseo_notices":[],"gutentor_comment":0,"jetpack_featured_media_url":"https:\/\/eldiariodesanpedro.com.ar\/sitio\/wp-content\/uploads\/2016\/08\/Guacone.jpg","jetpack_shortlink":"https:\/\/wp.me\/p6RhLt-1LR","jetpack_sharing_enabled":true,"_links":{"self":[{"href":"https:\/\/eldiariodesanpedro.com.ar\/sitio\/wp-json\/wp\/v2\/posts\/6811","targetHints":{"allow":["GET"]}}],"collection":[{"href":"https:\/\/eldiariodesanpedro.com.ar\/sitio\/wp-json\/wp\/v2\/posts"}],"about":[{"href":"https:\/\/eldiariodesanpedro.com.ar\/sitio\/wp-json\/wp\/v2\/types\/post"}],"author":[{"embeddable":true,"href":"https:\/\/eldiariodesanpedro.com.ar\/sitio\/wp-json\/wp\/v2\/users\/4"}],"replies":[{"embeddable":true,"href":"https:\/\/eldiariodesanpedro.com.ar\/sitio\/wp-json\/wp\/v2\/comments?post=6811"}],"version-history":[{"count":1,"href":"https:\/\/eldiariodesanpedro.com.ar\/sitio\/wp-json\/wp\/v2\/posts\/6811\/revisions"}],"predecessor-version":[{"id":6813,"href":"https:\/\/eldiariodesanpedro.com.ar\/sitio\/wp-json\/wp\/v2\/posts\/6811\/revisions\/6813"}],"wp:featuredmedia":[{"embeddable":true,"href":"https:\/\/eldiariodesanpedro.com.ar\/sitio\/wp-json\/wp\/v2\/media\/6826"}],"wp:attachment":[{"href":"https:\/\/eldiariodesanpedro.com.ar\/sitio\/wp-json\/wp\/v2\/media?parent=6811"}],"wp:term":[{"taxonomy":"category","embeddable":true,"href":"https:\/\/eldiariodesanpedro.com.ar\/sitio\/wp-json\/wp\/v2\/categories?post=6811"},{"taxonomy":"post_tag","embeddable":true,"href":"https:\/\/eldiariodesanpedro.com.ar\/sitio\/wp-json\/wp\/v2\/tags?post=6811"}],"curies":[{"name":"wp","href":"https:\/\/api.w.org\/{rel}","templated":true}]}}