{"id":6809,"date":"2016-08-05T18:43:05","date_gmt":"2016-08-05T21:43:05","guid":{"rendered":"https:\/\/eldiariodesanpedro.com.ar\/sitio\/?p=6809"},"modified":"2016-08-05T18:43:05","modified_gmt":"2016-08-05T21:43:05","slug":"estamos-esperando-fecha-para-hacerle-un-examen-psicologico-a-la-victima","status":"publish","type":"post","link":"https:\/\/eldiariodesanpedro.com.ar\/sitio\/estamos-esperando-fecha-para-hacerle-un-examen-psicologico-a-la-victima\/","title":{"rendered":"\u201cEstamos esperando fecha para hacerle un ex\u00e1men psicol\u00f3gico a la v\u00edctima\u00bb"},"content":{"rendered":"<p><!-- VideographyWP Plugin Message: Automatic video embedding prevented by plugin options. --><br \/>\nTras conocerse, que una menor de 14 a\u00f1os hab\u00eda sido abusada por parte de su t\u00edo el lunes, la fiscal\u00eda N\u00ba5, comenz\u00f3 con la investigaci\u00f3n de lo ocurrido.<br \/>\n\u201cEstamos esperando fecha para hacerle un ex\u00e1men psicol\u00f3gico a la v\u00edctima y la posterior recepci\u00f3n declaraci\u00f3n video filmada\u201d, explic\u00f3 el Fiscal Marcelo Manso, titular de la UFI N\u00ba 5. En tanto que se\u00f1al\u00f3 que los estudios practicados el d\u00eda de la denuncia, confirmaron que las lesiones eran de \u201creciente data, ten\u00eda lesiones en el cuerpo\u201d lo cual \u201cdaba la pauta\u201d que el hecho se hab\u00eda consumado \u201choras antes\u201d.<br \/>\nCon todo ello, \u201csumado a la declaraci\u00f3n de la mam\u00e1\u201d y \u201cteniendo en vista la gravedad de la pena, que es muy grave, la posibilidad de fuga de este hombre, le pedimos al Juez de Garant\u00edas quien otorg\u00f3 r\u00e1pidamente la detenci\u00f3n\u201d, asever\u00f3 el Fiscal.<br \/>\n\u201cComo el hecho se cometi\u00f3 en un lugar reservado, s\u00f3lo estaban presentes la v\u00edctima y el victimario es fundamental para nosotros contar con la declaraci\u00f3n de la v\u00edctima\u201d, se\u00f1al\u00f3 Manso y coment\u00f3 que la C\u00e1mara Gesell se har\u00e1 de \u201cinmediato en una semana o dos, no m\u00e1s que eso\u201d.<br \/>\nEn la ma\u00f1ana del lunes, cuando la madre advierte lo sucedido se dirigen al destacamento de Santa Luc\u00eda y de all\u00ed son derivadas a la Comisar\u00eda de la Mujer y la Familia.<br \/>\nSeg\u00fan se pudo establecer, el t\u00edo de la menor tras arrepentirse hab\u00eda tenido la intenci\u00f3n de quitarse la vida, seg\u00fan dijo su propia hermana a la polic\u00eda de la localidad. Sin embargo, por causas que se tratan de establecer nunca concret\u00f3 maniobra alguna, a la llegada de la polic\u00eda al lugar de residencia en Pueblo Doyle, se encontraba sentado en una silla y hab\u00eda atado una soga a un tirante.<br \/>\nLos primeros estudios confirmaron la vejaci\u00f3n y el sujeto de 39 a\u00f1os qued\u00f3 detenido, tras el pedido de la Fiscal\u00eda N\u00ba 5 al Juez de Garant\u00edas.<\/p>\n","protected":false},"excerpt":{"rendered":"<p>Tras conocerse, que una menor de 14 a\u00f1os hab\u00eda sido abusada por parte de su t\u00edo el lunes, la fiscal\u00eda N\u00ba5, comenz\u00f3 con la investigaci\u00f3n de lo ocurrido. \u201cEstamos esperando fecha para hacerle un ex\u00e1men psicol\u00f3gico a la v\u00edctima y la posterior recepci\u00f3n declaraci\u00f3n video filmada\u201d, explic\u00f3 el Fiscal Marcelo Manso, titular de la UFI [&hellip;]<\/p>\n","protected":false},"author":4,"featured_media":3467,"comment_status":"open","ping_status":"closed","sticky":false,"template":"","format":"standard","meta":{"om_disable_all_campaigns":false,"_jetpack_memberships_contains_paid_content":false,"footnotes":""},"categories":[50,101,2],"tags":[],"class_list":["post-6809","post","type-post","status-publish","format-standard","has-post-thumbnail","hentry","category-destacadas","category-interes-general-locales","category-locales"],"aioseo_notices":[],"gutentor_comment":0,"jetpack_featured_media_url":"https:\/\/eldiariodesanpedro.com.ar\/sitio\/wp-content\/uploads\/2016\/04\/patrulla-rural-e1454594817773.jpg","jetpack_shortlink":"https:\/\/wp.me\/p6RhLt-1LP","jetpack_sharing_enabled":true,"_links":{"self":[{"href":"https:\/\/eldiariodesanpedro.com.ar\/sitio\/wp-json\/wp\/v2\/posts\/6809","targetHints":{"allow":["GET"]}}],"collection":[{"href":"https:\/\/eldiariodesanpedro.com.ar\/sitio\/wp-json\/wp\/v2\/posts"}],"about":[{"href":"https:\/\/eldiariodesanpedro.com.ar\/sitio\/wp-json\/wp\/v2\/types\/post"}],"author":[{"embeddable":true,"href":"https:\/\/eldiariodesanpedro.com.ar\/sitio\/wp-json\/wp\/v2\/users\/4"}],"replies":[{"embeddable":true,"href":"https:\/\/eldiariodesanpedro.com.ar\/sitio\/wp-json\/wp\/v2\/comments?post=6809"}],"version-history":[{"count":1,"href":"https:\/\/eldiariodesanpedro.com.ar\/sitio\/wp-json\/wp\/v2\/posts\/6809\/revisions"}],"predecessor-version":[{"id":6810,"href":"https:\/\/eldiariodesanpedro.com.ar\/sitio\/wp-json\/wp\/v2\/posts\/6809\/revisions\/6810"}],"wp:featuredmedia":[{"embeddable":true,"href":"https:\/\/eldiariodesanpedro.com.ar\/sitio\/wp-json\/wp\/v2\/media\/3467"}],"wp:attachment":[{"href":"https:\/\/eldiariodesanpedro.com.ar\/sitio\/wp-json\/wp\/v2\/media?parent=6809"}],"wp:term":[{"taxonomy":"category","embeddable":true,"href":"https:\/\/eldiariodesanpedro.com.ar\/sitio\/wp-json\/wp\/v2\/categories?post=6809"},{"taxonomy":"post_tag","embeddable":true,"href":"https:\/\/eldiariodesanpedro.com.ar\/sitio\/wp-json\/wp\/v2\/tags?post=6809"}],"curies":[{"name":"wp","href":"https:\/\/api.w.org\/{rel}","templated":true}]}}