{"id":6805,"date":"2016-08-05T18:41:03","date_gmt":"2016-08-05T21:41:03","guid":{"rendered":"https:\/\/eldiariodesanpedro.com.ar\/sitio\/?p=6805"},"modified":"2016-08-05T18:41:19","modified_gmt":"2016-08-05T21:41:19","slug":"salazar-participo-del-lanzamienotn-del-programa-quiero-ser-residente","status":"publish","type":"post","link":"https:\/\/eldiariodesanpedro.com.ar\/sitio\/salazar-participo-del-lanzamienotn-del-programa-quiero-ser-residente\/","title":{"rendered":"Salazar particip\u00f3 del lanzamiento del Programa \u00abQuiero ser Residente\u00bb"},"content":{"rendered":"<p><!-- VideographyWP Plugin Message: Automatic video embedding prevented by plugin options. --><br \/>\nEn la ma\u00f1ana del jueves la ministra de Salud de la Provincia de Buenos Aires, Zulma Ortiz, visit\u00f3 Pergamino donde se llev\u00f3 a cabo el lanzamiento del Programa \u00abQuiero ser Residente\u00bb y tambi\u00e9n una importante reuni\u00f3n con intendentes y secretarios de Salud de las Regiones IV y X. All\u00ed estuvo presente el Jefe Comunal de nuestra ciudad, Cecilio Salazar. En ese sentido, a trav\u00e9s de su facebook institucional, el mandatario expres\u00f3: \u00abEs una iniciativa que busca motivar a los j\u00f3venes profesionales de la salud para que hagan sus residencias en hospitales bonaerenses y se vean estimulados para radicarse en lugares alejados de los grandes centros urbanos. Seguimos trabajando para lograr la salud que cada vecino merece, con profesionales y hospitales de calidad\u00bb.<br \/>\nPor su parte la ministra Zulma Ortiz explic\u00f3 que su visita a Pergamino fue por el \u201clanzamiento de un programa que busca fortalecer una de las patas fundamentales del Hospital que es la formaci\u00f3n de recursos humanos tambi\u00e9n para ofrecerles a ellos no solo la formaci\u00f3n sino un proyecto de vida\u201d<br \/>\nY agreg\u00f3: \u201cEs decir, trabajar de manera conjunta con los intendentes de la regi\u00f3n para que estos profesionales que se forman en el Hospital o en Centros de Atenci\u00f3n Primaria o en otros Hospitales municipales tengan la posibilidad de elegir desarrollarse profesionalmente toda su vida en el lugar y no como sucede ahora que solo se ofrece una instancia de cuatro a\u00f1os de capacitaci\u00f3n\u201d<\/p>\n","protected":false},"excerpt":{"rendered":"<p>En la ma\u00f1ana del jueves la ministra de Salud de la Provincia de Buenos Aires, Zulma Ortiz, visit\u00f3 Pergamino donde se llev\u00f3 a cabo el lanzamiento del Programa \u00abQuiero ser Residente\u00bb y tambi\u00e9n una importante reuni\u00f3n con intendentes y secretarios de Salud de las Regiones IV y X. All\u00ed estuvo presente el Jefe Comunal de [&hellip;]<\/p>\n","protected":false},"author":4,"featured_media":6806,"comment_status":"open","ping_status":"closed","sticky":false,"template":"","format":"standard","meta":{"om_disable_all_campaigns":false,"_jetpack_memberships_contains_paid_content":false,"footnotes":""},"categories":[2,102],"tags":[],"class_list":["post-6805","post","type-post","status-publish","format-standard","has-post-thumbnail","hentry","category-locales","category-politica-locales"],"aioseo_notices":[],"gutentor_comment":0,"jetpack_featured_media_url":"https:\/\/eldiariodesanpedro.com.ar\/sitio\/wp-content\/uploads\/2016\/08\/13880195_1070233606404647_3992109859269358259_n.jpg","jetpack_shortlink":"https:\/\/wp.me\/p6RhLt-1LL","jetpack_sharing_enabled":true,"_links":{"self":[{"href":"https:\/\/eldiariodesanpedro.com.ar\/sitio\/wp-json\/wp\/v2\/posts\/6805","targetHints":{"allow":["GET"]}}],"collection":[{"href":"https:\/\/eldiariodesanpedro.com.ar\/sitio\/wp-json\/wp\/v2\/posts"}],"about":[{"href":"https:\/\/eldiariodesanpedro.com.ar\/sitio\/wp-json\/wp\/v2\/types\/post"}],"author":[{"embeddable":true,"href":"https:\/\/eldiariodesanpedro.com.ar\/sitio\/wp-json\/wp\/v2\/users\/4"}],"replies":[{"embeddable":true,"href":"https:\/\/eldiariodesanpedro.com.ar\/sitio\/wp-json\/wp\/v2\/comments?post=6805"}],"version-history":[{"count":2,"href":"https:\/\/eldiariodesanpedro.com.ar\/sitio\/wp-json\/wp\/v2\/posts\/6805\/revisions"}],"predecessor-version":[{"id":6808,"href":"https:\/\/eldiariodesanpedro.com.ar\/sitio\/wp-json\/wp\/v2\/posts\/6805\/revisions\/6808"}],"wp:featuredmedia":[{"embeddable":true,"href":"https:\/\/eldiariodesanpedro.com.ar\/sitio\/wp-json\/wp\/v2\/media\/6806"}],"wp:attachment":[{"href":"https:\/\/eldiariodesanpedro.com.ar\/sitio\/wp-json\/wp\/v2\/media?parent=6805"}],"wp:term":[{"taxonomy":"category","embeddable":true,"href":"https:\/\/eldiariodesanpedro.com.ar\/sitio\/wp-json\/wp\/v2\/categories?post=6805"},{"taxonomy":"post_tag","embeddable":true,"href":"https:\/\/eldiariodesanpedro.com.ar\/sitio\/wp-json\/wp\/v2\/tags?post=6805"}],"curies":[{"name":"wp","href":"https:\/\/api.w.org\/{rel}","templated":true}]}}