{"id":6802,"date":"2016-08-05T18:39:08","date_gmt":"2016-08-05T21:39:08","guid":{"rendered":"https:\/\/eldiariodesanpedro.com.ar\/sitio\/?p=6802"},"modified":"2016-08-05T18:39:08","modified_gmt":"2016-08-05T21:39:08","slug":"se-realizo-un-nuevo-cacerolazo-por-el-aumento-de-las-tarifas","status":"publish","type":"post","link":"https:\/\/eldiariodesanpedro.com.ar\/sitio\/se-realizo-un-nuevo-cacerolazo-por-el-aumento-de-las-tarifas\/","title":{"rendered":"Se realiz\u00f3 un nuevo \u201ccacerolazo\u201d por el aumento de las tarifas"},"content":{"rendered":"<p><!-- VideographyWP Plugin Message: Automatic video embedding prevented by plugin options. --><br \/>\nA menos de un mes del primer cacerolazo contra el gobierno de Mauricio Macri, militantes de distintas organizaciones sociales y pol\u00edticas se manifestaron el jueves por la noche contra el tarifazo en los servicios p\u00fablicos y la inflaci\u00f3n en general. El reclamo, fue convocado bajo las consignas \u201cNo al tarifazo\u201d y \u201cFuera Aranguren\u201d.<br \/>\nLa movida creci\u00f3 en las redes sociales y los manifestantes se reunieron en la Plaza Belgrano con silbatos, cacerolas o cualquier elemento que haga ruido como forma de protesta. Se pod\u00edan ver pancartas con distintas leyendas, tales como: \u201cTanta alegr\u00eda nos est\u00e1 matando\u201d, \u201cPobreza Cero?\u201d, \u201cMacri para la mano \u2013 con las madres no\u201d.<\/p>\n","protected":false},"excerpt":{"rendered":"<p>A menos de un mes del primer cacerolazo contra el gobierno de Mauricio Macri, militantes de distintas organizaciones sociales y pol\u00edticas se manifestaron el jueves por la noche contra el tarifazo en los servicios p\u00fablicos y la inflaci\u00f3n en general. El reclamo, fue convocado bajo las consignas \u201cNo al tarifazo\u201d y \u201cFuera Aranguren\u201d. La movida [&hellip;]<\/p>\n","protected":false},"author":4,"featured_media":6803,"comment_status":"open","ping_status":"closed","sticky":false,"template":"","format":"standard","meta":{"om_disable_all_campaigns":false,"_jetpack_memberships_contains_paid_content":false,"footnotes":""},"categories":[101,2],"tags":[],"class_list":["post-6802","post","type-post","status-publish","format-standard","has-post-thumbnail","hentry","category-interes-general-locales","category-locales"],"aioseo_notices":[],"gutentor_comment":1,"jetpack_featured_media_url":"https:\/\/eldiariodesanpedro.com.ar\/sitio\/wp-content\/uploads\/2016\/08\/PAGINA-5-1.jpg","jetpack_shortlink":"https:\/\/wp.me\/p6RhLt-1LI","jetpack_sharing_enabled":true,"_links":{"self":[{"href":"https:\/\/eldiariodesanpedro.com.ar\/sitio\/wp-json\/wp\/v2\/posts\/6802","targetHints":{"allow":["GET"]}}],"collection":[{"href":"https:\/\/eldiariodesanpedro.com.ar\/sitio\/wp-json\/wp\/v2\/posts"}],"about":[{"href":"https:\/\/eldiariodesanpedro.com.ar\/sitio\/wp-json\/wp\/v2\/types\/post"}],"author":[{"embeddable":true,"href":"https:\/\/eldiariodesanpedro.com.ar\/sitio\/wp-json\/wp\/v2\/users\/4"}],"replies":[{"embeddable":true,"href":"https:\/\/eldiariodesanpedro.com.ar\/sitio\/wp-json\/wp\/v2\/comments?post=6802"}],"version-history":[{"count":1,"href":"https:\/\/eldiariodesanpedro.com.ar\/sitio\/wp-json\/wp\/v2\/posts\/6802\/revisions"}],"predecessor-version":[{"id":6804,"href":"https:\/\/eldiariodesanpedro.com.ar\/sitio\/wp-json\/wp\/v2\/posts\/6802\/revisions\/6804"}],"wp:featuredmedia":[{"embeddable":true,"href":"https:\/\/eldiariodesanpedro.com.ar\/sitio\/wp-json\/wp\/v2\/media\/6803"}],"wp:attachment":[{"href":"https:\/\/eldiariodesanpedro.com.ar\/sitio\/wp-json\/wp\/v2\/media?parent=6802"}],"wp:term":[{"taxonomy":"category","embeddable":true,"href":"https:\/\/eldiariodesanpedro.com.ar\/sitio\/wp-json\/wp\/v2\/categories?post=6802"},{"taxonomy":"post_tag","embeddable":true,"href":"https:\/\/eldiariodesanpedro.com.ar\/sitio\/wp-json\/wp\/v2\/tags?post=6802"}],"curies":[{"name":"wp","href":"https:\/\/api.w.org\/{rel}","templated":true}]}}