{"id":6799,"date":"2016-08-05T18:38:19","date_gmt":"2016-08-05T21:38:19","guid":{"rendered":"https:\/\/eldiariodesanpedro.com.ar\/sitio\/?p=6799"},"modified":"2016-08-05T18:57:01","modified_gmt":"2016-08-05T21:57:01","slug":"presentan-una-actividad-para-prevenir-los-accidentes-cerebro-vasculares","status":"publish","type":"post","link":"https:\/\/eldiariodesanpedro.com.ar\/sitio\/presentan-una-actividad-para-prevenir-los-accidentes-cerebro-vasculares\/","title":{"rendered":"Presentan una actividad para prevenir los Accidentes Cerebro Vasculares"},"content":{"rendered":"<p><!-- VideographyWP Plugin Message: Automatic video embedding prevented by plugin options. --><br \/>\nEl Intendente Salazar recibi\u00f3 este viernes a la legisladora porte\u00f1a Claudia Calciano por el Partido Fe del bloque Cambiemos. All\u00ed se present\u00f3 una actividad que tiene como objetivo la prevenci\u00f3n de Accidentes Cerebro Vasculares (ACV), que se llevar\u00e1 a cabo el 13 de agosto.<br \/>\nEn tanto que en el marco del evento, arribar\u00e1 a nuestra ciudad el m\u00e9dico Pedro Lylyk (ver subt\u00edtulo), director de la Cl\u00ednica La Sagrada Familia e impulsor de la campa\u00f1a que instalar\u00e1 el cerebro.<br \/>\nEn ese sentido el Intendente Salazar manifest\u00f3: \u201cClaudia nos interes\u00f3 por una actividad sobre el ACV\u201d y agreg\u00f3: \u201cEs una de las causas de muerte m\u00e1s numerosa en nuestro pa\u00eds\u201d.<br \/>\nPor su parte la diputada Calciano, cont\u00f3: \u201cLa Legislatura porte\u00f1a nos permite trabajar en algo que se llama Comisiones Interjurisdiccionales que es la vinculaci\u00f3n entre la ciudad de Buenos Aires, los municipios y las provincias\u201d y \u201cac\u00e1 en un esfuerzo conjunto con el Municipio de San Pedro con el Intendente, vamos a hacer una jornada\u201d.<br \/>\nEn tanto que sobre ello, explic\u00f3: \u201cVamos a poner los aparatos para que la gente pueda hacerse un ecodopler y ver las posibilidades de sufrir un ACV\u201d.<br \/>\n\u201cEl cerebro es un m\u00fasculo en el cual tenemos que trabajar y es un \u00f3rgano al que hemos olvidado. Es decir: tenemos un coraz\u00f3n, te cuid\u00e1s la pierna y el brazo, pero te olvidas que ten\u00e9s un cerebro\u201d, opin\u00f3 y luego completo sobre la actividad: \u201cLa idea de poner un cerebro gigante es visualizar y pensar que dentro de la cabeza tenemos un \u00f3rgano que hay que cuidarlo tanto como hay que cuidar las otras partes del cuerpo\u201d.  \u201cVer c\u00f3mo funciona el cerebro por dentro y esto hace que concienticemos que podemos hacer\u201d, se\u00f1al\u00f3. <\/p>\n<p>Una eminencia m\u00e9dica en la ciudad<\/p>\n<p>En 1990, Lylyk marc\u00f3 un hito mundial al realizar la primera embolizaci\u00f3n de un aneurisma cerebral con coils y en 1996 con la introducci\u00f3n del stent en la terap\u00e9utica cerebral vascular.<br \/>\nHasta la actualidad escribi\u00f3 m\u00e1s de 70 trabajos cient\u00edficos, publicados en importantes revistas de referencia y, junto a su equipo, realiz\u00f3 m\u00e1s de 10 mil intervenciones m\u00ednimamente invasivas. Adem\u00e1s, desde hace m\u00e1s de 25 a\u00f1os preside y organiza en Buenos Aires uno de los Congresos Internacionales m\u00e1s importantes de la Medicina M\u00ednimamente Invasiva, SIMI, donde concurren destacados especialistas de todo el mundo.<br \/>\nEl director de ENERI y la Cl\u00ednica La Sagrada Familia est\u00e1 comprometido con el desarrollo de la especialidad y la formaci\u00f3n de nuevos profesionales e investigadores, es miembro de prestigiosas sociedades cient\u00edficas como: World Federation of Neurosurgical Societies (WFNS); American Stroke Association de la American Heart Association (AHA); Sociedad Ibero-latinoamericana de Neurorradiolog\u00eda Diagn\u00f3stica y Terap\u00e9utica (SILAN); Asociaci\u00f3n Argentina de Lucha contra el Ataque Cerebral (AAS) y la Asociaci\u00f3n Argentina de Ataque Cerebral (AAAC).<\/p>\n<p>Factores de riesgo y prevenci\u00f3n<\/p>\n<p>Los factores de riesgo asociados a los accidentes cerebrovasculares son la hipertensi\u00f3n, \u00edndices altos de colesterol, diabetes, sobrepeso, tabaquismo y sedentarismo.<br \/>\nExisten dos tipos de ACV: isqu\u00e9micos y hemorr\u00e1gicos. Seg\u00fan el ministerio de Salud, el 75 por ciento de los ACV se producen por eventos de tipo isqu\u00e9mico y ocurren debido a la formaci\u00f3n de obstrucciones en las arterias que nutren el cerebro. Los de tipo hemorr\u00e1gico, en tanto, provocan sangrados en el interior del cerebro o las capas que lo rodean.<br \/>\nAlgunos de los s\u00edntomas que pueden presentarse son:<br \/>\n&#8211; Adormecimiento de una parte del cuerpo (la mitad de la cara, un brazo o una pierna);<br \/>\n-dificultades para hablar y comprender;<br \/>\n-p\u00e9rdida total o parcial de la visi\u00f3n;<br \/>\n-dificultad para caminar o p\u00e9rdidas del equilibrio y coordinaci\u00f3n;<br \/>\n-fuertes dolores de cabeza (m\u00e1s intensos que una migra\u00f1a corriente).<br \/>\nPara reconocer si se trata de un ACV, pod\u00e9s pedir a la persona que sonr\u00eda, levante ambos brazos y repita una frase simple, observando si tiene dificultades para cumplir con alguna de estas consignas.<br \/>\nPara ayudar a una persona que sufre un ACV hasta la llegada de los m\u00e9dicos, deb\u00e9s evitar que se quede dormida, no suministrarle f\u00e1rmacos que puedan bajarle la presi\u00f3n y, en el caso de los diab\u00e9ticos, controlarle el nivel de glucosa en sangre.<\/p>\n","protected":false},"excerpt":{"rendered":"<p>El Intendente Salazar recibi\u00f3 este viernes a la legisladora porte\u00f1a Claudia Calciano por el Partido Fe del bloque Cambiemos. All\u00ed se present\u00f3 una actividad que tiene como objetivo la prevenci\u00f3n de Accidentes Cerebro Vasculares (ACV), que se llevar\u00e1 a cabo el 13 de agosto. En tanto que en el marco del evento, arribar\u00e1 a nuestra [&hellip;]<\/p>\n","protected":false},"author":4,"featured_media":6827,"comment_status":"open","ping_status":"closed","sticky":false,"template":"","format":"standard","meta":{"om_disable_all_campaigns":false,"_jetpack_memberships_contains_paid_content":false,"footnotes":""},"categories":[50,101,2],"tags":[],"class_list":["post-6799","post","type-post","status-publish","format-standard","has-post-thumbnail","hentry","category-destacadas","category-interes-general-locales","category-locales"],"aioseo_notices":[],"gutentor_comment":0,"jetpack_featured_media_url":"https:\/\/eldiariodesanpedro.com.ar\/sitio\/wp-content\/uploads\/2016\/08\/PAGINA-4-02-1.jpeg","jetpack_shortlink":"https:\/\/wp.me\/p6RhLt-1LF","jetpack_sharing_enabled":true,"_links":{"self":[{"href":"https:\/\/eldiariodesanpedro.com.ar\/sitio\/wp-json\/wp\/v2\/posts\/6799","targetHints":{"allow":["GET"]}}],"collection":[{"href":"https:\/\/eldiariodesanpedro.com.ar\/sitio\/wp-json\/wp\/v2\/posts"}],"about":[{"href":"https:\/\/eldiariodesanpedro.com.ar\/sitio\/wp-json\/wp\/v2\/types\/post"}],"author":[{"embeddable":true,"href":"https:\/\/eldiariodesanpedro.com.ar\/sitio\/wp-json\/wp\/v2\/users\/4"}],"replies":[{"embeddable":true,"href":"https:\/\/eldiariodesanpedro.com.ar\/sitio\/wp-json\/wp\/v2\/comments?post=6799"}],"version-history":[{"count":1,"href":"https:\/\/eldiariodesanpedro.com.ar\/sitio\/wp-json\/wp\/v2\/posts\/6799\/revisions"}],"predecessor-version":[{"id":6801,"href":"https:\/\/eldiariodesanpedro.com.ar\/sitio\/wp-json\/wp\/v2\/posts\/6799\/revisions\/6801"}],"wp:featuredmedia":[{"embeddable":true,"href":"https:\/\/eldiariodesanpedro.com.ar\/sitio\/wp-json\/wp\/v2\/media\/6827"}],"wp:attachment":[{"href":"https:\/\/eldiariodesanpedro.com.ar\/sitio\/wp-json\/wp\/v2\/media?parent=6799"}],"wp:term":[{"taxonomy":"category","embeddable":true,"href":"https:\/\/eldiariodesanpedro.com.ar\/sitio\/wp-json\/wp\/v2\/categories?post=6799"},{"taxonomy":"post_tag","embeddable":true,"href":"https:\/\/eldiariodesanpedro.com.ar\/sitio\/wp-json\/wp\/v2\/tags?post=6799"}],"curies":[{"name":"wp","href":"https:\/\/api.w.org\/{rel}","templated":true}]}}