{"id":6794,"date":"2016-08-05T18:22:52","date_gmt":"2016-08-05T21:22:52","guid":{"rendered":"https:\/\/eldiariodesanpedro.com.ar\/sitio\/?p=6794"},"modified":"2016-08-05T18:22:52","modified_gmt":"2016-08-05T21:22:52","slug":"impacto-de-los-nuevos-fallos-sobre-la-facturacion-de-coopser%e2%80%8f","status":"publish","type":"post","link":"https:\/\/eldiariodesanpedro.com.ar\/sitio\/impacto-de-los-nuevos-fallos-sobre-la-facturacion-de-coopser%e2%80%8f\/","title":{"rendered":"Impacto de los nuevos fallos sobre la facturaci\u00f3n de COOPSER\u200f"},"content":{"rendered":"<p><!-- VideographyWP Plugin Message: Automatic video embedding prevented by plugin options. --><br \/>\nCoopser informa a toda la comunidad que contin\u00faa cumpliendo con las resoluciones judiciales vigentes, con relaci\u00f3n a la aplicaci\u00f3n del aumento de energ\u00eda el\u00e9ctrica, buscando minimizar el impacto en los socios, y respetando las disposiciones del OCEBA, organismo superior que regula la actividad.<\/p>\n<p>Ante informaciones period\u00edsticas e interpretaciones p\u00fablicas sobre la situaci\u00f3n, es importante remarcar para evitar confusiones que COOPSER,  no puede implementar algo diferente al resto de las cooperativas, y que se rige por las normativas que se van informando casi diariamente durante las \u00faltimas semanas.<\/p>\n<p>El \u00faltimo fallo oficializado, anul\u00f3 el aumento de CAMESA la proveedora de la energ\u00eda que COOPSER distribuye, generando un supuesto descuento en lo que la COOPERATIVA paga mensualmente. <\/p>\n<p>Sin embargo, moment\u00e1neamente, se est\u00e1 a la espera de una modificaci\u00f3n desde la Provincia de Buenos Aires sobre la tarifa que se cobra a los consumidores,  para trasladar el efecto de este fallo a la tarifa que se cobra a los socios. <\/p>\n<p>Mientras esto sucede, sigue vigente en la facturaci\u00f3n el aumento anunciado en Febrero.<\/p>\n","protected":false},"excerpt":{"rendered":"<p>Coopser informa a toda la comunidad que contin\u00faa cumpliendo con las resoluciones judiciales vigentes, con relaci\u00f3n a la aplicaci\u00f3n del aumento de energ\u00eda el\u00e9ctrica, buscando minimizar el impacto en los socios, y respetando las disposiciones del OCEBA, organismo superior que regula la actividad. Ante informaciones period\u00edsticas e interpretaciones p\u00fablicas sobre la situaci\u00f3n, es importante remarcar [&hellip;]<\/p>\n","protected":false},"author":4,"featured_media":6360,"comment_status":"open","ping_status":"closed","sticky":false,"template":"","format":"standard","meta":{"om_disable_all_campaigns":false,"_jetpack_memberships_contains_paid_content":false,"footnotes":""},"categories":[50,101,2],"tags":[],"class_list":["post-6794","post","type-post","status-publish","format-standard","has-post-thumbnail","hentry","category-destacadas","category-interes-general-locales","category-locales"],"aioseo_notices":[],"gutentor_comment":0,"jetpack_featured_media_url":"https:\/\/eldiariodesanpedro.com.ar\/sitio\/wp-content\/uploads\/2016\/07\/coopser.jpg","jetpack_shortlink":"https:\/\/wp.me\/p6RhLt-1LA","jetpack_sharing_enabled":true,"_links":{"self":[{"href":"https:\/\/eldiariodesanpedro.com.ar\/sitio\/wp-json\/wp\/v2\/posts\/6794","targetHints":{"allow":["GET"]}}],"collection":[{"href":"https:\/\/eldiariodesanpedro.com.ar\/sitio\/wp-json\/wp\/v2\/posts"}],"about":[{"href":"https:\/\/eldiariodesanpedro.com.ar\/sitio\/wp-json\/wp\/v2\/types\/post"}],"author":[{"embeddable":true,"href":"https:\/\/eldiariodesanpedro.com.ar\/sitio\/wp-json\/wp\/v2\/users\/4"}],"replies":[{"embeddable":true,"href":"https:\/\/eldiariodesanpedro.com.ar\/sitio\/wp-json\/wp\/v2\/comments?post=6794"}],"version-history":[{"count":1,"href":"https:\/\/eldiariodesanpedro.com.ar\/sitio\/wp-json\/wp\/v2\/posts\/6794\/revisions"}],"predecessor-version":[{"id":6795,"href":"https:\/\/eldiariodesanpedro.com.ar\/sitio\/wp-json\/wp\/v2\/posts\/6794\/revisions\/6795"}],"wp:featuredmedia":[{"embeddable":true,"href":"https:\/\/eldiariodesanpedro.com.ar\/sitio\/wp-json\/wp\/v2\/media\/6360"}],"wp:attachment":[{"href":"https:\/\/eldiariodesanpedro.com.ar\/sitio\/wp-json\/wp\/v2\/media?parent=6794"}],"wp:term":[{"taxonomy":"category","embeddable":true,"href":"https:\/\/eldiariodesanpedro.com.ar\/sitio\/wp-json\/wp\/v2\/categories?post=6794"},{"taxonomy":"post_tag","embeddable":true,"href":"https:\/\/eldiariodesanpedro.com.ar\/sitio\/wp-json\/wp\/v2\/tags?post=6794"}],"curies":[{"name":"wp","href":"https:\/\/api.w.org\/{rel}","templated":true}]}}