{"id":67896,"date":"2020-01-31T11:22:38","date_gmt":"2020-01-31T14:22:38","guid":{"rendered":"https:\/\/eldiariodesanpedro.com.ar\/sitio\/?p=67896"},"modified":"2020-01-31T11:22:43","modified_gmt":"2020-01-31T14:22:43","slug":"alarma-en-pergamino-por-una-mujer-china-que-llego-a-una-guardia-con-sintomas-similares-a-los-del-coronavirus","status":"publish","type":"post","link":"https:\/\/eldiariodesanpedro.com.ar\/sitio\/alarma-en-pergamino-por-una-mujer-china-que-llego-a-una-guardia-con-sintomas-similares-a-los-del-coronavirus\/","title":{"rendered":"Alarma en Pergamino por una mujer china que lleg\u00f3 a una guardia con s\u00edntomas similares a los del coronavirus"},"content":{"rendered":"<!-- VideographyWP Plugin Message: Automatic video embedding prevented by plugin options. -->\n\n<p> La paciente regres\u00f3 del pa\u00eds asi\u00e1tico hace 15 d\u00edas y presentaba un cuadro de \u201cdolores musculares y febr\u00edcula\u201d. Sin embargo, tras realizarle estudios de rutina, desde el servicio de guardia le confirmaron a Infobae que no se trataba del primer caso en Argentina<\/p>\n\n\n\n<p>Las alarmas se encendieron este jueves en la ciudad bonaerense de&nbsp;<strong>Pergamino<\/strong>, donde&nbsp;<strong>una mujer china se present\u00f3 en el Hospital San Jos\u00e9<\/strong>&nbsp;con \u201cdolores musculares y febr\u00edcula\u201d, dos de los s\u00edntomas que puede generar el&nbsp;<strong>coronavirus<\/strong>. Para colmo, la paciente hab\u00eda regresado junto con su esposo desde el pa\u00eds asi\u00e1tico 15 d\u00edas atr\u00e1s. No obstante, desde la guardia transmitieron tranquilidad y le confirmaron a&nbsp;<strong>Infobae<\/strong>&nbsp;que, tras realizarle estudios de rutina, se retir\u00f3 a su domicilio dado que se trataba de un \u201ccuadro gripal normal\u201d.<\/p>\n\n\n\n<p>Alertada por las noticias que recorren el mundo con respecto al coronavirus y teniendo en cuenta los s\u00edntomas y la procedencia de su \u00faltimo viaje, la propia mujer fue la que concurri\u00f3 al Hospital San Jos\u00e9 para corroborar su estado de salud. \u201cLos m\u00e9dicos usaron barbijo y se hizo la desinfecci\u00f3n del lugar en el que estuvieron por las dudas, pero&nbsp;<strong>pareciera un estado gripal normal<\/strong>. No est\u00e1 dicha la \u00faltima palabra, pero hasta el momento no es nada\u201d, afirmaron desde la guardia.<\/p>\n\n\n\n<p>\u201cMa\u00f1ana tiene que venir a infectolog\u00eda y a hacerse unos estudios, pero no est\u00e1 aislada y en todo caso eso lo decidir\u00e1 el municipio con los pr\u00f3ximos resultados. Hoy&nbsp;<strong>se le hicieron placas y an\u00e1lisis de sangre y no sali\u00f3 nada<\/strong>. Ni siquiera ten\u00eda una fiebre alta, le dio 37,3\u201d, agregaron las mismas fuentes m\u00e9dicas a este medio.<\/p>\n\n\n\n<p>Adem\u00e1s, explicaron que \u201cno vienen de la zona espec\u00edfica donde est\u00e1 la enfermedad, pero s\u00ed de una zona cercana\u00bb, por lo que se activ\u00f3 el protocolo \u00abpor seguridad\u201d.<\/p>\n\n\n\n<p>De todas formas, hoy por la ma\u00f1ana el director del hospital realizar\u00e1 una conferencia de prensa para aclarar oficialmente c\u00f3mo contin\u00faa el proceso con la ciudadana china.<\/p>\n\n\n\n<p>El martes pasado&nbsp;<a href=\"https:\/\/www.infobae.com\/salud\/2020\/01\/28\/activan-el-protocolo-de-coronavirus-por-un-caso-de-neumonia-en-una-guardia-portena\/\" target=\"_blank\" rel=\"noreferrer noopener\">se hab\u00eda presentado un caso similar en un centro m\u00e9dico privado del centro porte\u00f1o<\/a>. All\u00ed, una mujer acudi\u00f3 con neumon\u00eda, pero descartaron que se tratara de un caso de coronavirus.<\/p>\n\n\n\n<p>\u201c<strong>Procedimos seg\u00fan el protocolo m\u00e9dico ante casos de sospecha de infecciones respiratorias graves.<\/strong>&nbsp;Actuamos en forma similar a la de una epidemia de gripe A, por ejemplo. Hay que darle un barbijo a la paciente, aislarla de los dem\u00e1s y atenderla en forma profesional con personal que cuente con guantes, barbijos, camisolines, m\u00e1scaras o lentes\u201d, explic\u00f3 a&nbsp;<strong>Infobae<\/strong>el doctor Juan Carlos Cha Torea, infect\u00f3logo y jefe de pol\u00edticas y servicios m\u00e9dicos de Swiss Medical.<\/p>\n\n\n\n<p>Por otra parte, justamente ayer&nbsp;<a href=\"https:\/\/www.infobae.com\/salud\/2020\/01\/30\/gines-gonzalez-garcia-ministro-de-salud-sobre-el-coronavirus-nos-reunimos-con-un-comite-de-expertos-buscamos-tranquilizar-a-la-gente-y-ya-tomamos-medidas\/\" target=\"_blank\" rel=\"noreferrer noopener\">el ministro de Salud, Gin\u00e9s Gonz\u00e1lez Garc\u00eda se refiri\u00f3 al tema en una conferencia de prensa<\/a>. \u201cHay una actualizaci\u00f3n de la situaci\u00f3n epidemiol\u00f3gica, donde Argentina no tiene casos y estamos en contacto con la provincias. Estuvimos desde el primer momento atentos, prepar\u00e1ndonos y haciendo todas las acciones. Naturalmente tomamos todos los d\u00edas diferentes medidas. La primera es reunirnos permanentemente con el comit\u00e9 de expertos viendo qu\u00e9 es lo mejor para nuestro pa\u00eds\u201d, indic\u00f3 el funcionario.<\/p>\n\n\n\n<p>Asimismo, el ministro se expres\u00f3 a trav\u00e9s de su cuenta de Twitter e insisti\u00f3: \u201cNuestro pa\u00eds no tiene casos. Nuestra mirada epidemiol\u00f3gica est\u00e1 puesta en los aeropuertos\u201d. \u201cEs importante saber que la tasa de letalidad es muy baja. Nuestro pa\u00eds est\u00e1 preparado para identificar el virus\u201d, agreg\u00f3 Gonz\u00e1lez Garc\u00eda.<\/p>\n\n\n\n<p><br><\/p>\n","protected":false},"excerpt":{"rendered":"<p>La paciente regres\u00f3 del pa\u00eds asi\u00e1tico hace 15 d\u00edas y presentaba un cuadro de \u201cdolores musculares y febr\u00edcula\u201d. Sin embargo, tras realizarle estudios de rutina, desde el servicio de guardia le confirmaron a Infobae que no se trataba del primer caso en Argentina Las alarmas se encendieron este jueves en la ciudad bonaerense de&nbsp;Pergamino, donde&nbsp;una [&hellip;]<\/p>\n","protected":false},"author":4,"featured_media":67897,"comment_status":"open","ping_status":"closed","sticky":false,"template":"","format":"standard","meta":{"om_disable_all_campaigns":false,"_jetpack_memberships_contains_paid_content":false,"footnotes":""},"categories":[621],"tags":[],"class_list":["post-67896","post","type-post","status-publish","format-standard","has-post-thumbnail","hentry","category-regionales"],"aioseo_notices":[],"gutentor_comment":0,"jetpack_featured_media_url":"https:\/\/eldiariodesanpedro.com.ar\/sitio\/wp-content\/uploads\/2020\/01\/0037354294.jpg","jetpack_shortlink":"https:\/\/wp.me\/p6RhLt-hF6","jetpack_sharing_enabled":true,"_links":{"self":[{"href":"https:\/\/eldiariodesanpedro.com.ar\/sitio\/wp-json\/wp\/v2\/posts\/67896","targetHints":{"allow":["GET"]}}],"collection":[{"href":"https:\/\/eldiariodesanpedro.com.ar\/sitio\/wp-json\/wp\/v2\/posts"}],"about":[{"href":"https:\/\/eldiariodesanpedro.com.ar\/sitio\/wp-json\/wp\/v2\/types\/post"}],"author":[{"embeddable":true,"href":"https:\/\/eldiariodesanpedro.com.ar\/sitio\/wp-json\/wp\/v2\/users\/4"}],"replies":[{"embeddable":true,"href":"https:\/\/eldiariodesanpedro.com.ar\/sitio\/wp-json\/wp\/v2\/comments?post=67896"}],"version-history":[{"count":1,"href":"https:\/\/eldiariodesanpedro.com.ar\/sitio\/wp-json\/wp\/v2\/posts\/67896\/revisions"}],"predecessor-version":[{"id":67898,"href":"https:\/\/eldiariodesanpedro.com.ar\/sitio\/wp-json\/wp\/v2\/posts\/67896\/revisions\/67898"}],"wp:featuredmedia":[{"embeddable":true,"href":"https:\/\/eldiariodesanpedro.com.ar\/sitio\/wp-json\/wp\/v2\/media\/67897"}],"wp:attachment":[{"href":"https:\/\/eldiariodesanpedro.com.ar\/sitio\/wp-json\/wp\/v2\/media?parent=67896"}],"wp:term":[{"taxonomy":"category","embeddable":true,"href":"https:\/\/eldiariodesanpedro.com.ar\/sitio\/wp-json\/wp\/v2\/categories?post=67896"},{"taxonomy":"post_tag","embeddable":true,"href":"https:\/\/eldiariodesanpedro.com.ar\/sitio\/wp-json\/wp\/v2\/tags?post=67896"}],"curies":[{"name":"wp","href":"https:\/\/api.w.org\/{rel}","templated":true}]}}